{"id":16531,"date":"2023-03-28T12:30:43","date_gmt":"2023-03-28T10:30:43","guid":{"rendered":"https:\/\/www.laboratoiresactiva.com\/es\/?p=16531"},"modified":"2023-03-28T14:13:37","modified_gmt":"2023-03-28T12:13:37","slug":"barcelona-laboratorios-activa-en-infarma-espana","status":"publish","type":"post","link":"https:\/\/www.laboratoiresactiva.com\/es\/barcelona-laboratorios-activa-en-infarma-espana\/","title":{"rendered":"[BARCELONA] Laboratorios Activa en Infarma, ESPA\u00d1A"},"content":{"rendered":"<div class=\"fusion-fullwidth fullwidth-box fusion-builder-row-1 nonhundred-percent-fullwidth non-hundred-percent-height-scrolling\" style=\"--awb-border-sizes-top:0px;--awb-border-sizes-bottom:0px;--awb-border-sizes-left:0px;--awb-border-sizes-right:0px;--awb-border-radius-top-left:0px;--awb-border-radius-top-right:0px;--awb-border-radius-bottom-right:0px;--awb-border-radius-bottom-left:0px;--awb-padding-top:10px;--awb-padding-bottom:10px;--awb-flex-wrap:wrap;\" ><div class=\"fusion-builder-row fusion-row\"><div class=\"fusion-layout-column fusion_builder_column fusion-builder-column-0 fusion_builder_column_1_1 1_1 fusion-one-full fusion-column-first fusion-column-last\" style=\"--awb-padding-top:50px;--awb-padding-right:50px;--awb-padding-bottom:30px;--awb-padding-left:50px;--awb-bg-color:#ffffff;--awb-bg-color-hover:#ffffff;--awb-bg-size:cover;\"><div class=\"fusion-column-wrapper fusion-flex-column-wrapper-legacy\"><div class=\"fusion-text fusion-text-1\"><h2 style=\"text-align: left;\">\u00a1Los Laboratoires ACTIVA en INFARMA 2023!<\/h2>\n<\/div><div class=\"fusion-text fusion-text-2\"><p><img decoding=\"async\" class=\"aligncenter wp-image-2669\" src=\"https:\/\/www.laboratoiresactiva.com\/es\/wp-content\/uploads\/2019\/04\/Activa-copie-e1554460453706.png\" alt=\"\" width=\"158\" height=\"51\" \/><\/p>\n<p><img decoding=\"async\" class=\"aligncenter wp-image-16533\" src=\"https:\/\/www.laboratoiresactiva.com\/es\/wp-content\/uploads\/2023\/03\/Image-infarma-2-e1680002201229.jpg\" alt=\"\" width=\"708\" height=\"531\" srcset=\"https:\/\/www.laboratoiresactiva.com\/es\/wp-content\/uploads\/2023\/03\/Image-infarma-2-e1680002201229-200x150.jpg 200w, https:\/\/www.laboratoiresactiva.com\/es\/wp-content\/uploads\/2023\/03\/Image-infarma-2-e1680002201229-300x225.jpg 300w, https:\/\/www.laboratoiresactiva.com\/es\/wp-content\/uploads\/2023\/03\/Image-infarma-2-e1680002201229-400x300.jpg 400w, https:\/\/www.laboratoiresactiva.com\/es\/wp-content\/uploads\/2023\/03\/Image-infarma-2-e1680002201229-600x450.jpg 600w, https:\/\/www.laboratoiresactiva.com\/es\/wp-content\/uploads\/2023\/03\/Image-infarma-2-e1680002201229-768x576.jpg 768w, https:\/\/www.laboratoiresactiva.com\/es\/wp-content\/uploads\/2023\/03\/Image-infarma-2-e1680002201229.jpg 800w\" sizes=\"(max-width: 708px) 100vw, 708px\" \/><\/p>\n<p>Muchas gracias a todos los participantes que visitaron nuestro stand en INFARMA Barcelona, el encuentro europeo de farmacia.<\/p>\n<p>En ACTIVA creamos sinergias con nuestras formulaciones y tambi\u00e9n con los profesionales de salud. Durante estos 3 d\u00edas de feria, hemos presentado nuestros suplementos naturales que se recomiendan muy bien en farmacias, principalmente con la gama Bienestar (acci\u00f3n de prevenci\u00f3n\/mantenimiento) y la gama <strong>Crono<\/strong> (acci\u00f3n ultra r\u00e1pida).<\/p>\n<p>Fieles a nuestros valores, acompa\u00f1amos a nuestros colaboradores en la recomendaci\u00f3n de los suplementos, ofreciendo formaciones personalizadas, herramientas de venta y marketing, as\u00ed como condiciones muy interesantes.<\/p>\n<p>Para ampliar informaci\u00f3n, puede contactarnos en: contacto@laboratoiresactiva.com<\/p>\n<p><img decoding=\"async\" class=\"wp-image-16536 alignleft\" src=\"https:\/\/www.laboratoiresactiva.com\/es\/wp-content\/uploads\/2023\/03\/IMG-20230315-WA0012-768x1024.jpg\" alt=\"\" width=\"313\" height=\"418\" \/><\/p>\n<p><img decoding=\"async\" class=\"wp-image-16535 alignleft\" src=\"https:\/\/www.laboratoiresactiva.com\/es\/wp-content\/uploads\/2023\/03\/Image-infarma-3-1024x822.jpg\" alt=\"\" width=\"525\" height=\"422\" \/><\/p>\n<\/div><div class=\"fusion-sep-clear\"><\/div><div class=\"fusion-separator fusion-full-width-sep\" style=\"margin-left: auto;margin-right: auto;margin-top:3%;width:100%;\"><\/div><div class=\"fusion-sep-clear\"><\/div><div class=\"fusion-text fusion-text-3\"><p><strong>S\u00edganos en redes sociales<\/strong><\/p>\n<\/div><div class=\"fusion-social-links fusion-social-links-1\" style=\"--awb-margin-top:0px;--awb-margin-right:0px;--awb-margin-bottom:0px;--awb-margin-left:0px;--awb-box-border-top:0px;--awb-box-border-right:0px;--awb-box-border-bottom:0px;--awb-box-border-left:0px;--awb-icon-colors-hover:rgba(190,189,189,0.8);--awb-box-colors-hover:rgba(232,232,232,0.8);--awb-box-border-color:var(--awb-color3);--awb-box-border-color-hover:var(--awb-color4);\"><div class=\"fusion-social-networks boxed-icons color-type-brand\"><div class=\"fusion-social-networks-wrapper\"><a class=\"fusion-social-network-icon fusion-tooltip fusion-facebook awb-icon-facebook\" style=\"color:#ffffff;font-size:14px;width:14px;background-color:#3b5998;border-color:#3b5998;border-radius:0px;\" data-placement=\"top\" data-title=\"Facebook\" data-toggle=\"tooltip\" title=\"Facebook\" aria-label=\"facebook\" target=\"_blank\" rel=\"noopener noreferrer\" href=\"https:\/\/www.facebook.com\/LaboratoiresActiva\/\"><\/a><a class=\"fusion-social-network-icon fusion-tooltip fusion-instagram awb-icon-instagram\" style=\"color:#ffffff;font-size:14px;width:14px;background-color:#c13584;border-color:#c13584;border-radius:0px;\" data-placement=\"top\" data-title=\"Instagram\" data-toggle=\"tooltip\" title=\"Instagram\" aria-label=\"instagram\" target=\"_blank\" rel=\"noopener noreferrer\" href=\"https:\/\/www.instagram.com\/laboratoires_activa\/\"><\/a><a class=\"fusion-social-network-icon fusion-tooltip fusion-linkedin awb-icon-linkedin\" style=\"color:#ffffff;font-size:14px;width:14px;background-color:#0077b5;border-color:#0077b5;border-radius:0px;\" data-placement=\"top\" data-title=\"LinkedIn\" data-toggle=\"tooltip\" title=\"LinkedIn\" aria-label=\"linkedin\" target=\"_blank\" rel=\"noopener noreferrer\" href=\"https:\/\/www.linkedin.com\/company\/laboratoires-activa-asia\/\"><\/a><\/div><\/div><\/div><div class=\"fusion-clearfix\"><\/div><\/div><\/div><\/div><\/div>\n","protected":false},"excerpt":{"rendered":"","protected":false},"author":4,"featured_media":16533,"comment_status":"open","ping_status":"open","sticky":false,"template":"","format":"standard","meta":{"_monsterinsights_skip_tracking":false,"_monsterinsights_sitenote_active":false,"_monsterinsights_sitenote_note":"","_monsterinsights_sitenote_category":0,"footnotes":""},"categories":[51],"tags":[],"class_list":["post-16531","post","type-post","status-publish","format-standard","has-post-thumbnail","hentry","category-events"],"aioseo_notices":[],"jetpack_featured_media_url":"https:\/\/www.laboratoiresactiva.com\/es\/wp-content\/uploads\/2023\/03\/Image-infarma-2-e1680002201229.jpg","_links":{"self":[{"href":"https:\/\/www.laboratoiresactiva.com\/es\/wp-json\/wp\/v2\/posts\/16531","targetHints":{"allow":["GET"]}}],"collection":[{"href":"https:\/\/www.laboratoiresactiva.com\/es\/wp-json\/wp\/v2\/posts"}],"about":[{"href":"https:\/\/www.laboratoiresactiva.com\/es\/wp-json\/wp\/v2\/types\/post"}],"author":[{"embeddable":true,"href":"https:\/\/www.laboratoiresactiva.com\/es\/wp-json\/wp\/v2\/users\/4"}],"replies":[{"embeddable":true,"href":"https:\/\/www.laboratoiresactiva.com\/es\/wp-json\/wp\/v2\/comments?post=16531"}],"version-history":[{"count":6,"href":"https:\/\/www.laboratoiresactiva.com\/es\/wp-json\/wp\/v2\/posts\/16531\/revisions"}],"predecessor-version":[{"id":16540,"href":"https:\/\/www.laboratoiresactiva.com\/es\/wp-json\/wp\/v2\/posts\/16531\/revisions\/16540"}],"wp:featuredmedia":[{"embeddable":true,"href":"https:\/\/www.laboratoiresactiva.com\/es\/wp-json\/wp\/v2\/media\/16533"}],"wp:attachment":[{"href":"https:\/\/www.laboratoiresactiva.com\/es\/wp-json\/wp\/v2\/media?parent=16531"}],"wp:term":[{"taxonomy":"category","embeddable":true,"href":"https:\/\/www.laboratoiresactiva.com\/es\/wp-json\/wp\/v2\/categories?post=16531"},{"taxonomy":"post_tag","embeddable":true,"href":"https:\/\/www.laboratoiresactiva.com\/es\/wp-json\/wp\/v2\/tags?post=16531"}],"curies":[{"name":"wp","href":"https:\/\/api.w.org\/{rel}","templated":true}]}}