{"id":3394,"date":"2019-10-08T16:21:12","date_gmt":"2019-10-08T14:21:12","guid":{"rendered":"https:\/\/www.laboratoiresactiva.com\/fr\/?p=3394"},"modified":"2023-01-30T11:14:56","modified_gmt":"2023-01-30T10:14:56","slug":"interview-amalric-veret-nous-sommes-le-complement-alimentaire-le-plus-scientifique-du-marche","status":"publish","type":"post","link":"https:\/\/www.laboratoiresactiva.com\/fr\/interview-amalric-veret-nous-sommes-le-complement-alimentaire-le-plus-scientifique-du-marche\/","title":{"rendered":"Interview Amalric V\u00e9ret (1\/2) : \u00ab\u00a0Nous sommes le compl\u00e9ment alimentaire le plus scientifique du march\u00e9.\u00a0\u00bb"},"content":{"rendered":"<div class=\"fusion-fullwidth fullwidth-box fusion-builder-row-1 nonhundred-percent-fullwidth non-hundred-percent-height-scrolling\" style=\"--awb-border-radius-top-left:0px;--awb-border-radius-top-right:0px;--awb-border-radius-bottom-right:0px;--awb-border-radius-bottom-left:0px;--awb-flex-wrap:wrap;\" ><div class=\"fusion-builder-row fusion-row\"><div class=\"fusion-layout-column fusion_builder_column fusion-builder-column-0 fusion_builder_column_1_1 1_1 fusion-one-full fusion-column-first fusion-column-last\" style=\"--awb-bg-size:cover;\"><div class=\"fusion-column-wrapper fusion-flex-column-wrapper-legacy\"><div class=\"fusion-sep-clear\"><\/div><div class=\"fusion-separator fusion-full-width-sep\" style=\"margin-left: auto;margin-right: auto;width:100%;\"><div class=\"fusion-separator-border sep-double\" style=\"--awb-height:20px;--awb-amount:20px;border-color:#e0dede;border-top-width:0px;border-bottom-width:0px;\"><\/div><\/div><div class=\"fusion-sep-clear\"><\/div><div class=\"fusion-text fusion-text-1\"><h1 style=\"text-align: left;\"><span style=\"font-size: 24pt;\">Interview Almaric V\u00e9ret (1\/2) : \u00ab\u00a0Nous sommes le compl\u00e9ment alimentaire le plus scientifique du march\u00e9.\u00a0\u00bb<\/span><\/h1>\n<\/div><div class=\"fusion-text fusion-text-2\"><p><img decoding=\"async\" class=\"size-full wp-image-3415 alignleft lazyload\" data-src=\"https:\/\/www.laboratoiresactiva.com\/fr\/wp-content\/uploads\/2019\/10\/1.png\" alt=\"\" width=\"1000\" height=\"563\" data-srcset=\"https:\/\/www.laboratoiresactiva.com\/fr\/wp-content\/uploads\/2019\/10\/1-200x113.png 200w, https:\/\/www.laboratoiresactiva.com\/fr\/wp-content\/uploads\/2019\/10\/1-300x169.png 300w, https:\/\/www.laboratoiresactiva.com\/fr\/wp-content\/uploads\/2019\/10\/1-400x225.png 400w, https:\/\/www.laboratoiresactiva.com\/fr\/wp-content\/uploads\/2019\/10\/1-600x338.png 600w, https:\/\/www.laboratoiresactiva.com\/fr\/wp-content\/uploads\/2019\/10\/1-768x432.png 768w, https:\/\/www.laboratoiresactiva.com\/fr\/wp-content\/uploads\/2019\/10\/1-800x450.png 800w, https:\/\/www.laboratoiresactiva.com\/fr\/wp-content\/uploads\/2019\/10\/1.png 1000w\" data-sizes=\"(max-width: 1000px) 100vw, 1000px\" src=\"data:image\/svg+xml;base64,PHN2ZyB3aWR0aD0iMSIgaGVpZ2h0PSIxIiB4bWxucz0iaHR0cDovL3d3dy53My5vcmcvMjAwMC9zdmciPjwvc3ZnPg==\" style=\"--smush-placeholder-width: 1000px; --smush-placeholder-aspect-ratio: 1000\/563;\" \/><\/p>\n<\/div><div class=\"fusion-sep-clear\"><\/div><div class=\"fusion-separator fusion-full-width-sep\" style=\"margin-left: auto;margin-right: auto;margin-top:3%;width:100%;\"><\/div><div class=\"fusion-sep-clear\"><\/div><div class=\"fusion-text fusion-text-3\"><p><strong>\u00c9couter l&rsquo;interview :<\/strong><\/p>\n<audio class=\"wp-audio-shortcode\" id=\"audio-3394-1\" preload=\"none\" style=\"width: 100%;\" controls=\"controls\"><source type=\"audio\/mpeg\" src=\"https:\/\/www.laboratoiresactiva.com\/fr\/wp-content\/uploads\/2019\/10\/PRONUTRI-ACTIVA-C1-CA.mp3?_=1\" \/><a href=\"https:\/\/www.laboratoiresactiva.com\/fr\/wp-content\/uploads\/2019\/10\/PRONUTRI-ACTIVA-C1-CA.mp3\">https:\/\/www.laboratoiresactiva.com\/fr\/wp-content\/uploads\/2019\/10\/PRONUTRI-ACTIVA-C1-CA.mp3<\/a><\/audio>\n<\/div><div class=\"fusion-sep-clear\"><\/div><div class=\"fusion-separator fusion-full-width-sep\" style=\"margin-left: auto;margin-right: auto;margin-top:3%;width:100%;\"><\/div><div class=\"fusion-sep-clear\"><\/div><div class=\"fusion-text fusion-text-4\"><p>Amalric Veret, g\u00e9rant des Laboratoires Activa et Pronutri a \u00e9t\u00e9 re\u00e7u dans l&rsquo;\u00e9mission \u00ab\u00a0un homme une entreprise\u00a0\u00bb pour d\u00e9crire l&rsquo;histoire des laboratoires et leur positionnement pour se diff\u00e9rencier des concurrents. La premi\u00e8re partie de l&rsquo;interview est disponible ci-dessous.<\/p>\n<h3><em>En quelques mots pr\u00e9sentez-nous votre parcours :<\/em><\/h3>\n<p>\u00ab\u00a0C&rsquo;est tout d&rsquo;abord une histoire de d\u00e9couverte et de vocation familiale. Pronutri est expert dans l&rsquo;information mol\u00e9culaire. On con\u00e7oit, on d\u00e9veloppe, on produit et commercialise des gammes de compl\u00e9ments alimentaires, optimis\u00e9es dans leur efficacit\u00e9 tr\u00e8s diff\u00e9renci\u00e9e.<\/p>\n<p>On a commenc\u00e9 la commercialisation de Pronutri chez les m\u00e9decins en 1995. Puis fort de notre savoir-faire et de l&rsquo;efficacit\u00e9 des produits, on a d\u00e9cid\u00e9 de rendre cette technologie plus accessible \u00e0 travers les pharmacies avec la marque Activa.<\/p>\n<p>Nous avons donc une gamme <strong>Bien-\u00catre<\/strong> pour des cures de 1 mois par exemple pour faciliter le sommeil ou le stress, les probl\u00e8mes respiratoires&#8230;et la gamme <strong>Chrono<\/strong>, avec une efficacit\u00e9 dans les 30 minutes.<\/p>\n<p>Aujourd&rsquo;hui on est les seuls laboratoires \u00e0 offrir un compl\u00e9ment alimentaire pour 1 semaine avec une efficacit\u00e9 dans 30 minutes.\u00a0\u00bb<\/p>\n<h3><em>Comment vous positionnez-vous face aux autres laboratoires ? Qu&rsquo;est-ce qui vous diff\u00e9rencie ? Qui sont vos clients ?<\/em><\/h3>\n<p>\u00ab\u00a0Aujourd&rsquo;hui nous sommes concepteurs fabriquant fran\u00e7ais et en France. On ma\u00eetrise toute la fili\u00e8re. On est une entreprise int\u00e9gr\u00e9e. On fait beaucoup de R&amp;D. On a des partenariats avec le CNRS. Nous sommes le compl\u00e9ment alimentaire le plus scientifique du march\u00e9. Des complexes d&rsquo;oligo-m\u00e9taux en comprim\u00e9s, des microgranules, des lib\u00e9rations programm\u00e9es, retard\u00e9es et acc\u00e9l\u00e9r\u00e9es.<\/p>\n<p>On propose des programmes de formation pour les m\u00e9decins et aux praticiens de sant\u00e9 avec la <strong>nutripucture<\/strong>. C&rsquo;est une approche qui s&rsquo;int\u00e9resse \u00e0 la cause d&rsquo;une perturbation dans la singularit\u00e9 du patient. Et des formations avec nos partenaires pharmaciens avec nos \u00e9quipes directement dans l&rsquo;officine.\u00a0\u00bb<\/p>\n<p>Int\u00e9ress\u00e9s par les gammes Activa ? <a href=\"https:\/\/www.laboratoiresactiva.com\/fr\/vos-besoins\/\">D\u00e9couvrez nos produits<\/a><\/p>\n<p>Visitez notre boutique <a href=\"https:\/\/www.activastore.com\/fr\/\">Activa Store<\/a><\/p>\n<p>Formations : <a href=\"http:\/\/www.formation-nutripuncture.fr\/\">inscrivez-vous<\/a><\/p>\n<p>D\u00e9couvrez les <a href=\"https:\/\/www.pronutri.com\/les-laboratoires\/\" target=\"_blank\" rel=\"noopener noreferrer\">Laboratoires Pronutri<\/a><\/p>\n<\/div><div class=\"fusion-sep-clear\"><\/div><div class=\"fusion-separator fusion-full-width-sep\" style=\"margin-left: auto;margin-right: auto;margin-top:3%;width:100%;\"><\/div><div class=\"fusion-sep-clear\"><\/div><div class=\"fusion-text fusion-text-5\"><p><strong>Suivez-nous sur les r\u00e9seaux sociaux<\/strong><\/p>\n<\/div><div class=\"fusion-social-links fusion-social-links-1\" style=\"--awb-margin-top:0px;--awb-margin-right:0px;--awb-margin-bottom:0px;--awb-margin-left:0px;--awb-box-border-top:0px;--awb-box-border-right:0px;--awb-box-border-bottom:0px;--awb-box-border-left:0px;--awb-icon-colors-hover:rgba(190,189,189,0.8);--awb-box-colors-hover:rgba(232,232,232,0.8);--awb-box-border-color:var(--awb-color3);--awb-box-border-color-hover:var(--awb-color4);\"><div class=\"fusion-social-networks boxed-icons color-type-brand\"><div class=\"fusion-social-networks-wrapper\"><a class=\"fusion-social-network-icon fusion-tooltip fusion-facebook awb-icon-facebook\" style=\"color:#ffffff;font-size:14px;width:14px;background-color:#3b5998;border-color:#3b5998;border-radius:0px;\" data-placement=\"top\" data-title=\"Facebook\" data-toggle=\"tooltip\" title=\"Facebook\" aria-label=\"facebook\" target=\"_blank\" rel=\"noopener noreferrer\" href=\"https:\/\/www.facebook.com\/LaboratoiresActiva\/\"><\/a><a class=\"fusion-social-network-icon fusion-tooltip fusion-instagram awb-icon-instagram\" style=\"color:#ffffff;font-size:14px;width:14px;background-color:#c13584;border-color:#c13584;border-radius:0px;\" data-placement=\"top\" data-title=\"Instagram\" data-toggle=\"tooltip\" title=\"Instagram\" aria-label=\"instagram\" target=\"_blank\" rel=\"noopener noreferrer\" href=\"https:\/\/instagram.com\/activa.store\"><\/a><a class=\"fusion-social-network-icon fusion-tooltip fusion-linkedin awb-icon-linkedin\" style=\"color:#ffffff;font-size:14px;width:14px;background-color:#0077b5;border-color:#0077b5;border-radius:0px;\" data-placement=\"top\" data-title=\"LinkedIn\" data-toggle=\"tooltip\" title=\"LinkedIn\" aria-label=\"linkedin\" target=\"_blank\" rel=\"noopener noreferrer\" href=\"https:\/\/www.linkedin.com\/company\/laboratoires-activa\/\"><\/a><\/div><\/div><\/div><div class=\"fusion-sep-clear\"><\/div><div class=\"fusion-separator fusion-full-width-sep\" style=\"margin-left: auto;margin-right: auto;margin-top:3%;width:100%;\"><\/div><div class=\"fusion-sep-clear\"><\/div><div class=\"fusion-clearfix\"><\/div><\/div><\/div><\/div><\/div>\n","protected":false},"excerpt":{"rendered":"","protected":false},"author":4,"featured_media":3681,"comment_status":"open","ping_status":"open","sticky":false,"template":"","format":"standard","meta":{"_monsterinsights_skip_tracking":false,"_monsterinsights_sitenote_active":false,"_monsterinsights_sitenote_note":"","_monsterinsights_sitenote_category":0,"_jetpack_memberships_contains_paid_content":false,"footnotes":""},"categories":[52],"tags":[],"class_list":["post-3394","post","type-post","status-publish","format-standard","has-post-thumbnail","hentry","category-medias"],"yoast_head":"<!-- This site is optimized with the Yoast SEO plugin v27.5 - https:\/\/yoast.com\/product\/yoast-seo-wordpress\/ -->\n<title>Amalric V\u00e9ret : &quot;Nous sommes le compl\u00e9ment alimentaire le plus scientifique du march\u00e9.&quot;<\/title>\n<meta name=\"description\" content=\"D\u00e9couvrez l&#039;interview d&#039;Amalric Veret, g\u00e9rant des Laboratoires Activa dans &quot;un homme une entreprise&quot; sur l&#039;histoire des laboratoires et leur positionnement.\" \/>\n<meta name=\"robots\" content=\"index, follow, max-snippet:-1, max-image-preview:large, max-video-preview:-1\" \/>\n<link rel=\"canonical\" href=\"https:\/\/www.laboratoiresactiva.com\/fr\/interview-amalric-veret-nous-sommes-le-complement-alimentaire-le-plus-scientifique-du-marche\/\" \/>\n<meta property=\"og:locale\" content=\"fr_FR\" \/>\n<meta property=\"og:type\" content=\"article\" \/>\n<meta property=\"og:title\" content=\"Amalric V\u00e9ret : &quot;Nous sommes le compl\u00e9ment alimentaire le plus scientifique du march\u00e9.&quot;\" \/>\n<meta property=\"og:description\" content=\"D\u00e9couvrez l&#039;interview d&#039;Amalric Veret, g\u00e9rant des Laboratoires Activa dans &quot;un homme une entreprise&quot; sur l&#039;histoire des laboratoires et leur positionnement.\" \/>\n<meta property=\"og:url\" content=\"https:\/\/www.laboratoiresactiva.com\/fr\/interview-amalric-veret-nous-sommes-le-complement-alimentaire-le-plus-scientifique-du-marche\/\" \/>\n<meta property=\"og:site_name\" content=\"Laboratoires Activa\" \/>\n<meta property=\"article:published_time\" content=\"2019-10-08T14:21:12+00:00\" \/>\n<meta property=\"article:modified_time\" content=\"2023-01-30T10:14:56+00:00\" \/>\n<meta property=\"og:image\" content=\"https:\/\/www.laboratoiresactiva.com\/fr\/wp-content\/uploads\/2019\/10\/amalric-interview-1.png\" \/>\n\t<meta property=\"og:image:width\" content=\"800\" \/>\n\t<meta property=\"og:image:height\" content=\"450\" \/>\n\t<meta property=\"og:image:type\" content=\"image\/png\" \/>\n<meta name=\"author\" content=\"Amanda Janvier\" \/>\n<meta name=\"twitter:card\" content=\"summary_large_image\" \/>\n<meta name=\"twitter:label1\" content=\"\u00c9crit par\" \/>\n\t<meta name=\"twitter:data1\" content=\"Amanda Janvier\" \/>\n\t<meta name=\"twitter:label2\" content=\"Dur\u00e9e de lecture estim\u00e9e\" \/>\n\t<meta name=\"twitter:data2\" content=\"4 minutes\" \/>\n<script type=\"application\/ld+json\" class=\"yoast-schema-graph\">{\"@context\":\"https:\\\/\\\/schema.org\",\"@graph\":[{\"@type\":\"Article\",\"@id\":\"https:\\\/\\\/www.laboratoiresactiva.com\\\/fr\\\/interview-amalric-veret-nous-sommes-le-complement-alimentaire-le-plus-scientifique-du-marche\\\/#article\",\"isPartOf\":{\"@id\":\"https:\\\/\\\/www.laboratoiresactiva.com\\\/fr\\\/interview-amalric-veret-nous-sommes-le-complement-alimentaire-le-plus-scientifique-du-marche\\\/\"},\"author\":{\"name\":\"Amanda Janvier\",\"@id\":\"https:\\\/\\\/www.laboratoiresactiva.com\\\/fr\\\/#\\\/schema\\\/person\\\/0b6c154ea5e2498c33d40d71c4bf87cd\"},\"headline\":\"Interview Amalric V\u00e9ret (1\\\/2) : \u00ab\u00a0Nous sommes le compl\u00e9ment alimentaire le plus scientifique du march\u00e9.\u00a0\u00bb\",\"datePublished\":\"2019-10-08T14:21:12+00:00\",\"dateModified\":\"2023-01-30T10:14:56+00:00\",\"mainEntityOfPage\":{\"@id\":\"https:\\\/\\\/www.laboratoiresactiva.com\\\/fr\\\/interview-amalric-veret-nous-sommes-le-complement-alimentaire-le-plus-scientifique-du-marche\\\/\"},\"wordCount\":868,\"commentCount\":3,\"image\":{\"@id\":\"https:\\\/\\\/www.laboratoiresactiva.com\\\/fr\\\/interview-amalric-veret-nous-sommes-le-complement-alimentaire-le-plus-scientifique-du-marche\\\/#primaryimage\"},\"thumbnailUrl\":\"https:\\\/\\\/www.laboratoiresactiva.com\\\/fr\\\/wp-content\\\/uploads\\\/2019\\\/10\\\/amalric-interview-1.png\",\"articleSection\":[\"Medias\"],\"inLanguage\":\"fr-FR\",\"potentialAction\":[{\"@type\":\"CommentAction\",\"name\":\"Comment\",\"target\":[\"https:\\\/\\\/www.laboratoiresactiva.com\\\/fr\\\/interview-amalric-veret-nous-sommes-le-complement-alimentaire-le-plus-scientifique-du-marche\\\/#respond\"]}]},{\"@type\":\"WebPage\",\"@id\":\"https:\\\/\\\/www.laboratoiresactiva.com\\\/fr\\\/interview-amalric-veret-nous-sommes-le-complement-alimentaire-le-plus-scientifique-du-marche\\\/\",\"url\":\"https:\\\/\\\/www.laboratoiresactiva.com\\\/fr\\\/interview-amalric-veret-nous-sommes-le-complement-alimentaire-le-plus-scientifique-du-marche\\\/\",\"name\":\"Amalric V\u00e9ret : \\\"Nous sommes le compl\u00e9ment alimentaire le plus scientifique du march\u00e9.\\\"\",\"isPartOf\":{\"@id\":\"https:\\\/\\\/www.laboratoiresactiva.com\\\/fr\\\/#website\"},\"primaryImageOfPage\":{\"@id\":\"https:\\\/\\\/www.laboratoiresactiva.com\\\/fr\\\/interview-amalric-veret-nous-sommes-le-complement-alimentaire-le-plus-scientifique-du-marche\\\/#primaryimage\"},\"image\":{\"@id\":\"https:\\\/\\\/www.laboratoiresactiva.com\\\/fr\\\/interview-amalric-veret-nous-sommes-le-complement-alimentaire-le-plus-scientifique-du-marche\\\/#primaryimage\"},\"thumbnailUrl\":\"https:\\\/\\\/www.laboratoiresactiva.com\\\/fr\\\/wp-content\\\/uploads\\\/2019\\\/10\\\/amalric-interview-1.png\",\"datePublished\":\"2019-10-08T14:21:12+00:00\",\"dateModified\":\"2023-01-30T10:14:56+00:00\",\"author\":{\"@id\":\"https:\\\/\\\/www.laboratoiresactiva.com\\\/fr\\\/#\\\/schema\\\/person\\\/0b6c154ea5e2498c33d40d71c4bf87cd\"},\"description\":\"D\u00e9couvrez l'interview d'Amalric Veret, g\u00e9rant des Laboratoires Activa dans \\\"un homme une entreprise\\\" sur l'histoire des laboratoires et leur positionnement.\",\"breadcrumb\":{\"@id\":\"https:\\\/\\\/www.laboratoiresactiva.com\\\/fr\\\/interview-amalric-veret-nous-sommes-le-complement-alimentaire-le-plus-scientifique-du-marche\\\/#breadcrumb\"},\"inLanguage\":\"fr-FR\",\"potentialAction\":[{\"@type\":\"ReadAction\",\"target\":[\"https:\\\/\\\/www.laboratoiresactiva.com\\\/fr\\\/interview-amalric-veret-nous-sommes-le-complement-alimentaire-le-plus-scientifique-du-marche\\\/\"]}]},{\"@type\":\"ImageObject\",\"inLanguage\":\"fr-FR\",\"@id\":\"https:\\\/\\\/www.laboratoiresactiva.com\\\/fr\\\/interview-amalric-veret-nous-sommes-le-complement-alimentaire-le-plus-scientifique-du-marche\\\/#primaryimage\",\"url\":\"https:\\\/\\\/www.laboratoiresactiva.com\\\/fr\\\/wp-content\\\/uploads\\\/2019\\\/10\\\/amalric-interview-1.png\",\"contentUrl\":\"https:\\\/\\\/www.laboratoiresactiva.com\\\/fr\\\/wp-content\\\/uploads\\\/2019\\\/10\\\/amalric-interview-1.png\",\"width\":800,\"height\":450},{\"@type\":\"BreadcrumbList\",\"@id\":\"https:\\\/\\\/www.laboratoiresactiva.com\\\/fr\\\/interview-amalric-veret-nous-sommes-le-complement-alimentaire-le-plus-scientifique-du-marche\\\/#breadcrumb\",\"itemListElement\":[{\"@type\":\"ListItem\",\"position\":1,\"name\":\"Accueil\",\"item\":\"https:\\\/\\\/www.laboratoiresactiva.com\\\/fr\\\/\"},{\"@type\":\"ListItem\",\"position\":2,\"name\":\"Interview Amalric V\u00e9ret (1\\\/2) : \u00ab\u00a0Nous sommes le compl\u00e9ment alimentaire le plus scientifique du march\u00e9.\u00a0\u00bb\"}]},{\"@type\":\"WebSite\",\"@id\":\"https:\\\/\\\/www.laboratoiresactiva.com\\\/fr\\\/#website\",\"url\":\"https:\\\/\\\/www.laboratoiresactiva.com\\\/fr\\\/\",\"name\":\"Laboratoires Activa\",\"description\":\"Compl\u00e9ments Alimentaires 100% naturels\",\"potentialAction\":[{\"@type\":\"SearchAction\",\"target\":{\"@type\":\"EntryPoint\",\"urlTemplate\":\"https:\\\/\\\/www.laboratoiresactiva.com\\\/fr\\\/?s={search_term_string}\"},\"query-input\":{\"@type\":\"PropertyValueSpecification\",\"valueRequired\":true,\"valueName\":\"search_term_string\"}}],\"inLanguage\":\"fr-FR\"},{\"@type\":\"Person\",\"@id\":\"https:\\\/\\\/www.laboratoiresactiva.com\\\/fr\\\/#\\\/schema\\\/person\\\/0b6c154ea5e2498c33d40d71c4bf87cd\",\"name\":\"Amanda Janvier\",\"image\":{\"@type\":\"ImageObject\",\"inLanguage\":\"fr-FR\",\"@id\":\"https:\\\/\\\/secure.gravatar.com\\\/avatar\\\/9c3b9715a4f9e21992657008394c5bbb99985f1ce44db036a65319e5e1597034?s=96&d=mm&r=g\",\"url\":\"https:\\\/\\\/secure.gravatar.com\\\/avatar\\\/9c3b9715a4f9e21992657008394c5bbb99985f1ce44db036a65319e5e1597034?s=96&d=mm&r=g\",\"contentUrl\":\"https:\\\/\\\/secure.gravatar.com\\\/avatar\\\/9c3b9715a4f9e21992657008394c5bbb99985f1ce44db036a65319e5e1597034?s=96&d=mm&r=g\",\"caption\":\"Amanda Janvier\"},\"url\":\"https:\\\/\\\/www.laboratoiresactiva.com\\\/fr\\\/author\\\/amanda\\\/\"}]}<\/script>\n<!-- \/ Yoast SEO plugin. -->","yoast_head_json":{"title":"Amalric V\u00e9ret : \"Nous sommes le compl\u00e9ment alimentaire le plus scientifique du march\u00e9.\"","description":"D\u00e9couvrez l'interview d'Amalric Veret, g\u00e9rant des Laboratoires Activa dans \"un homme une entreprise\" sur l'histoire des laboratoires et leur positionnement.","robots":{"index":"index","follow":"follow","max-snippet":"max-snippet:-1","max-image-preview":"max-image-preview:large","max-video-preview":"max-video-preview:-1"},"canonical":"https:\/\/www.laboratoiresactiva.com\/fr\/interview-amalric-veret-nous-sommes-le-complement-alimentaire-le-plus-scientifique-du-marche\/","og_locale":"fr_FR","og_type":"article","og_title":"Amalric V\u00e9ret : \"Nous sommes le compl\u00e9ment alimentaire le plus scientifique du march\u00e9.\"","og_description":"D\u00e9couvrez l'interview d'Amalric Veret, g\u00e9rant des Laboratoires Activa dans \"un homme une entreprise\" sur l'histoire des laboratoires et leur positionnement.","og_url":"https:\/\/www.laboratoiresactiva.com\/fr\/interview-amalric-veret-nous-sommes-le-complement-alimentaire-le-plus-scientifique-du-marche\/","og_site_name":"Laboratoires Activa","article_published_time":"2019-10-08T14:21:12+00:00","article_modified_time":"2023-01-30T10:14:56+00:00","og_image":[{"width":800,"height":450,"url":"https:\/\/www.laboratoiresactiva.com\/fr\/wp-content\/uploads\/2019\/10\/amalric-interview-1.png","type":"image\/png"}],"author":"Amanda Janvier","twitter_card":"summary_large_image","twitter_misc":{"\u00c9crit par":"Amanda Janvier","Dur\u00e9e de lecture estim\u00e9e":"4 minutes"},"schema":{"@context":"https:\/\/schema.org","@graph":[{"@type":"Article","@id":"https:\/\/www.laboratoiresactiva.com\/fr\/interview-amalric-veret-nous-sommes-le-complement-alimentaire-le-plus-scientifique-du-marche\/#article","isPartOf":{"@id":"https:\/\/www.laboratoiresactiva.com\/fr\/interview-amalric-veret-nous-sommes-le-complement-alimentaire-le-plus-scientifique-du-marche\/"},"author":{"name":"Amanda Janvier","@id":"https:\/\/www.laboratoiresactiva.com\/fr\/#\/schema\/person\/0b6c154ea5e2498c33d40d71c4bf87cd"},"headline":"Interview Amalric V\u00e9ret (1\/2) : \u00ab\u00a0Nous sommes le compl\u00e9ment alimentaire le plus scientifique du march\u00e9.\u00a0\u00bb","datePublished":"2019-10-08T14:21:12+00:00","dateModified":"2023-01-30T10:14:56+00:00","mainEntityOfPage":{"@id":"https:\/\/www.laboratoiresactiva.com\/fr\/interview-amalric-veret-nous-sommes-le-complement-alimentaire-le-plus-scientifique-du-marche\/"},"wordCount":868,"commentCount":3,"image":{"@id":"https:\/\/www.laboratoiresactiva.com\/fr\/interview-amalric-veret-nous-sommes-le-complement-alimentaire-le-plus-scientifique-du-marche\/#primaryimage"},"thumbnailUrl":"https:\/\/www.laboratoiresactiva.com\/fr\/wp-content\/uploads\/2019\/10\/amalric-interview-1.png","articleSection":["Medias"],"inLanguage":"fr-FR","potentialAction":[{"@type":"CommentAction","name":"Comment","target":["https:\/\/www.laboratoiresactiva.com\/fr\/interview-amalric-veret-nous-sommes-le-complement-alimentaire-le-plus-scientifique-du-marche\/#respond"]}]},{"@type":"WebPage","@id":"https:\/\/www.laboratoiresactiva.com\/fr\/interview-amalric-veret-nous-sommes-le-complement-alimentaire-le-plus-scientifique-du-marche\/","url":"https:\/\/www.laboratoiresactiva.com\/fr\/interview-amalric-veret-nous-sommes-le-complement-alimentaire-le-plus-scientifique-du-marche\/","name":"Amalric V\u00e9ret : \"Nous sommes le compl\u00e9ment alimentaire le plus scientifique du march\u00e9.\"","isPartOf":{"@id":"https:\/\/www.laboratoiresactiva.com\/fr\/#website"},"primaryImageOfPage":{"@id":"https:\/\/www.laboratoiresactiva.com\/fr\/interview-amalric-veret-nous-sommes-le-complement-alimentaire-le-plus-scientifique-du-marche\/#primaryimage"},"image":{"@id":"https:\/\/www.laboratoiresactiva.com\/fr\/interview-amalric-veret-nous-sommes-le-complement-alimentaire-le-plus-scientifique-du-marche\/#primaryimage"},"thumbnailUrl":"https:\/\/www.laboratoiresactiva.com\/fr\/wp-content\/uploads\/2019\/10\/amalric-interview-1.png","datePublished":"2019-10-08T14:21:12+00:00","dateModified":"2023-01-30T10:14:56+00:00","author":{"@id":"https:\/\/www.laboratoiresactiva.com\/fr\/#\/schema\/person\/0b6c154ea5e2498c33d40d71c4bf87cd"},"description":"D\u00e9couvrez l'interview d'Amalric Veret, g\u00e9rant des Laboratoires Activa dans \"un homme une entreprise\" sur l'histoire des laboratoires et leur positionnement.","breadcrumb":{"@id":"https:\/\/www.laboratoiresactiva.com\/fr\/interview-amalric-veret-nous-sommes-le-complement-alimentaire-le-plus-scientifique-du-marche\/#breadcrumb"},"inLanguage":"fr-FR","potentialAction":[{"@type":"ReadAction","target":["https:\/\/www.laboratoiresactiva.com\/fr\/interview-amalric-veret-nous-sommes-le-complement-alimentaire-le-plus-scientifique-du-marche\/"]}]},{"@type":"ImageObject","inLanguage":"fr-FR","@id":"https:\/\/www.laboratoiresactiva.com\/fr\/interview-amalric-veret-nous-sommes-le-complement-alimentaire-le-plus-scientifique-du-marche\/#primaryimage","url":"https:\/\/www.laboratoiresactiva.com\/fr\/wp-content\/uploads\/2019\/10\/amalric-interview-1.png","contentUrl":"https:\/\/www.laboratoiresactiva.com\/fr\/wp-content\/uploads\/2019\/10\/amalric-interview-1.png","width":800,"height":450},{"@type":"BreadcrumbList","@id":"https:\/\/www.laboratoiresactiva.com\/fr\/interview-amalric-veret-nous-sommes-le-complement-alimentaire-le-plus-scientifique-du-marche\/#breadcrumb","itemListElement":[{"@type":"ListItem","position":1,"name":"Accueil","item":"https:\/\/www.laboratoiresactiva.com\/fr\/"},{"@type":"ListItem","position":2,"name":"Interview Amalric V\u00e9ret (1\/2) : \u00ab\u00a0Nous sommes le compl\u00e9ment alimentaire le plus scientifique du march\u00e9.\u00a0\u00bb"}]},{"@type":"WebSite","@id":"https:\/\/www.laboratoiresactiva.com\/fr\/#website","url":"https:\/\/www.laboratoiresactiva.com\/fr\/","name":"Laboratoires Activa","description":"Compl\u00e9ments Alimentaires 100% naturels","potentialAction":[{"@type":"SearchAction","target":{"@type":"EntryPoint","urlTemplate":"https:\/\/www.laboratoiresactiva.com\/fr\/?s={search_term_string}"},"query-input":{"@type":"PropertyValueSpecification","valueRequired":true,"valueName":"search_term_string"}}],"inLanguage":"fr-FR"},{"@type":"Person","@id":"https:\/\/www.laboratoiresactiva.com\/fr\/#\/schema\/person\/0b6c154ea5e2498c33d40d71c4bf87cd","name":"Amanda Janvier","image":{"@type":"ImageObject","inLanguage":"fr-FR","@id":"https:\/\/secure.gravatar.com\/avatar\/9c3b9715a4f9e21992657008394c5bbb99985f1ce44db036a65319e5e1597034?s=96&d=mm&r=g","url":"https:\/\/secure.gravatar.com\/avatar\/9c3b9715a4f9e21992657008394c5bbb99985f1ce44db036a65319e5e1597034?s=96&d=mm&r=g","contentUrl":"https:\/\/secure.gravatar.com\/avatar\/9c3b9715a4f9e21992657008394c5bbb99985f1ce44db036a65319e5e1597034?s=96&d=mm&r=g","caption":"Amanda Janvier"},"url":"https:\/\/www.laboratoiresactiva.com\/fr\/author\/amanda\/"}]}},"jetpack_featured_media_url":"https:\/\/www.laboratoiresactiva.com\/fr\/wp-content\/uploads\/2019\/10\/amalric-interview-1.png","jetpack_sharing_enabled":true,"_links":{"self":[{"href":"https:\/\/www.laboratoiresactiva.com\/fr\/wp-json\/wp\/v2\/posts\/3394","targetHints":{"allow":["GET"]}}],"collection":[{"href":"https:\/\/www.laboratoiresactiva.com\/fr\/wp-json\/wp\/v2\/posts"}],"about":[{"href":"https:\/\/www.laboratoiresactiva.com\/fr\/wp-json\/wp\/v2\/types\/post"}],"author":[{"embeddable":true,"href":"https:\/\/www.laboratoiresactiva.com\/fr\/wp-json\/wp\/v2\/users\/4"}],"replies":[{"embeddable":true,"href":"https:\/\/www.laboratoiresactiva.com\/fr\/wp-json\/wp\/v2\/comments?post=3394"}],"version-history":[{"count":18,"href":"https:\/\/www.laboratoiresactiva.com\/fr\/wp-json\/wp\/v2\/posts\/3394\/revisions"}],"predecessor-version":[{"id":17221,"href":"https:\/\/www.laboratoiresactiva.com\/fr\/wp-json\/wp\/v2\/posts\/3394\/revisions\/17221"}],"wp:featuredmedia":[{"embeddable":true,"href":"https:\/\/www.laboratoiresactiva.com\/fr\/wp-json\/wp\/v2\/media\/3681"}],"wp:attachment":[{"href":"https:\/\/www.laboratoiresactiva.com\/fr\/wp-json\/wp\/v2\/media?parent=3394"}],"wp:term":[{"taxonomy":"category","embeddable":true,"href":"https:\/\/www.laboratoiresactiva.com\/fr\/wp-json\/wp\/v2\/categories?post=3394"},{"taxonomy":"post_tag","embeddable":true,"href":"https:\/\/www.laboratoiresactiva.com\/fr\/wp-json\/wp\/v2\/tags?post=3394"}],"curies":[{"name":"wp","href":"https:\/\/api.w.org\/{rel}","templated":true}]}}