{"id":4357,"date":"2021-10-12T11:57:18","date_gmt":"2021-10-12T09:57:18","guid":{"rendered":"https:\/\/www.laboratoiresactiva.com\/fr\/?p=4357"},"modified":"2021-10-12T12:23:34","modified_gmt":"2021-10-12T10:23:34","slug":"luca-bosco-3eme-finale-gt4proam-barcelone","status":"publish","type":"post","link":"https:\/\/www.laboratoiresactiva.com\/fr\/luca-bosco-3eme-finale-gt4proam-barcelone\/","title":{"rendered":"Luca Bosco se positionne 3\u00e8me sur le podium de la grande finale du Championnat D&rsquo;Europe Pro-AM, GT4 \u00e0 Barcelone"},"content":{"rendered":"<div class=\"fusion-fullwidth fullwidth-box fusion-builder-row-1 fusion-flex-container nonhundred-percent-fullwidth non-hundred-percent-height-scrolling\" style=\"--awb-border-radius-top-left:0px;--awb-border-radius-top-right:0px;--awb-border-radius-bottom-right:0px;--awb-border-radius-bottom-left:0px;--awb-flex-wrap:wrap;\" ><div class=\"fusion-builder-row fusion-row fusion-flex-align-items-flex-start fusion-flex-content-wrap\" style=\"max-width:1144px;margin-left: calc(-4% \/ 2 );margin-right: calc(-4% \/ 2 );\"><div class=\"fusion-layout-column fusion_builder_column fusion-builder-column-0 fusion_builder_column_1_1 1_1 fusion-flex-column\" style=\"--awb-bg-size:cover;--awb-width-large:100%;--awb-margin-top-large:0px;--awb-spacing-right-large:1.92%;--awb-margin-bottom-large:0px;--awb-spacing-left-large:1.92%;--awb-width-medium:100%;--awb-order-medium:0;--awb-spacing-right-medium:1.92%;--awb-spacing-left-medium:1.92%;--awb-width-small:100%;--awb-order-small:0;--awb-spacing-right-small:1.92%;--awb-spacing-left-small:1.92%;\"><div class=\"fusion-column-wrapper fusion-column-has-shadow fusion-flex-justify-content-flex-start fusion-content-layout-column\"><div class=\"fusion-title title fusion-title-1 fusion-sep-none fusion-title-text fusion-title-size-one\" style=\"--awb-margin-top:30px;\"><h1 class=\"fusion-title-heading title-heading-left fusion-responsive-typography-calculated\" style=\"margin:0;--fontSize:60;line-height:1.1;\"><b>Luca Bosco se positionne 3\u00e8me sur le podium de la grande finale du Championnat D&rsquo;Europe Pro-AM, GT4 \u00e0 Barcelone<\/b><\/h1><\/div><div class=\"fusion-text fusion-text-1 fusion-text-no-margin\" style=\"--awb-margin-bottom:30px;\"><p><span style=\"font-weight: 400;\">Laboratoires Activa, est l&rsquo;un des sponsors officiels de <strong>Luca Bosco<\/strong>, un jeune pilote fran\u00e7ais de 17 ans, qui a eu la chance de concourir et de remporter plusieurs championnats du monde.<\/span><\/p>\n<p><span style=\"font-weight: 400;\">Pendant le week-end du 8 au 10 octobre, Luca a particip\u00e9 au <strong>Barcelona Speed Championship, Fanatec GT World Challenge<\/strong>. Ce fut la grande<strong> finale du Championnat D&rsquo;Europe Pro-AM <\/strong>dans la cat\u00e9gorie <strong>GT4, au circuit de Montemel\u00f3<\/strong>. Laboratoires Activa Espagne, \u00e9taient pr\u00e9sents pour soutenir Luca et toute son \u00e9quipe.\u00a0<\/span><\/p>\n<p>R\u00e9sultat : une <strong>3\u00e8me place d\u00e9croch\u00e9e<\/strong> ! F\u00e9licitations \u00e0 Luca pour ce beau palmar\u00e8s, nous sommes fiers de l&rsquo;avoir accompagn\u00e9 dans cette aventure.<\/p>\n<p><span style=\"font-weight: 400;\">Nous souhaitons \u00e0 notre jeune talent\u00a0 beaucoup de succ\u00e8s dans sa carri\u00e8re et nous esp\u00e9rons le soutenir tout au long de sa trajectoire.\u00a0<\/span><\/p>\n<p><span style=\"font-weight: 400;\">Si vous voulez en savoir plus sur Luca Bosco, vous pouvez cliquer ici : <a href=\"https:\/\/lucabosco.com\">https:\/\/lucabosco.com.<\/a><\/span><\/p>\n<p><span style=\"font-weight: 400;\">Pour en savoir plus sur notre <strong>gamme sportive<\/strong>, cliquez sur le lien suivant : <a href=\"https:\/\/www.activastore.com\/fr\/content\/20-activa-sport\">https:\/\/www.activastore.com\/fr\/content\/20-activa-sport<\/a><\/span><\/p>\n<\/div><\/div><\/div><\/div><\/div><div class=\"fusion-fullwidth fullwidth-box fusion-builder-row-2 fusion-flex-container nonhundred-percent-fullwidth non-hundred-percent-height-scrolling\" style=\"--awb-border-radius-top-left:0px;--awb-border-radius-top-right:0px;--awb-border-radius-bottom-right:0px;--awb-border-radius-bottom-left:0px;--awb-flex-wrap:wrap;\" ><div class=\"fusion-builder-row fusion-row fusion-flex-align-items-flex-start fusion-flex-content-wrap\" style=\"max-width:1144px;margin-left: calc(-4% \/ 2 );margin-right: calc(-4% \/ 2 );\"><div class=\"fusion-layout-column fusion_builder_column fusion-builder-column-1 fusion_builder_column_1_3 1_3 fusion-flex-column\" style=\"--awb-bg-size:cover;--awb-width-large:33.333333333333%;--awb-margin-top-large:0px;--awb-spacing-right-large:5.76%;--awb-margin-bottom-large:0px;--awb-spacing-left-large:5.76%;--awb-width-medium:100%;--awb-order-medium:0;--awb-spacing-right-medium:1.92%;--awb-spacing-left-medium:1.92%;--awb-width-small:100%;--awb-order-small:0;--awb-spacing-right-small:1.92%;--awb-spacing-left-small:1.92%;\"><div class=\"fusion-column-wrapper fusion-column-has-shadow fusion-flex-justify-content-flex-start fusion-content-layout-column\"><div class=\"fusion-image-element \" style=\"--awb-caption-title-font-family:var(--h2_typography-font-family);--awb-caption-title-font-weight:var(--h2_typography-font-weight);--awb-caption-title-font-style:var(--h2_typography-font-style);--awb-caption-title-size:var(--h2_typography-font-size);--awb-caption-title-transform:var(--h2_typography-text-transform);--awb-caption-title-line-height:var(--h2_typography-line-height);--awb-caption-title-letter-spacing:var(--h2_typography-letter-spacing);\"><span class=\" fusion-imageframe imageframe-none imageframe-1 hover-type-none\"><img decoding=\"async\" width=\"1920\" height=\"2560\" alt=\"Activa course Barcelone\" title=\"Corner Activa en Espagne\" data-src=\"https:\/\/www.laboratoiresactiva.com\/fr\/wp-content\/uploads\/2021\/10\/IMG_5474-scaled.jpg\" class=\"img-responsive wp-image-4358 lazyload\" data-srcset=\"https:\/\/www.laboratoiresactiva.com\/fr\/wp-content\/uploads\/2021\/10\/IMG_5474-200x267.jpg 200w, https:\/\/www.laboratoiresactiva.com\/fr\/wp-content\/uploads\/2021\/10\/IMG_5474-400x533.jpg 400w, https:\/\/www.laboratoiresactiva.com\/fr\/wp-content\/uploads\/2021\/10\/IMG_5474-600x800.jpg 600w, https:\/\/www.laboratoiresactiva.com\/fr\/wp-content\/uploads\/2021\/10\/IMG_5474-800x1067.jpg 800w, https:\/\/www.laboratoiresactiva.com\/fr\/wp-content\/uploads\/2021\/10\/IMG_5474-1200x1600.jpg 1200w, https:\/\/www.laboratoiresactiva.com\/fr\/wp-content\/uploads\/2021\/10\/IMG_5474-scaled.jpg 1920w\" data-sizes=\"(max-width: 1024px) 100vw, (max-width: 640px) 100vw, 400px\" src=\"data:image\/svg+xml;base64,PHN2ZyB3aWR0aD0iMSIgaGVpZ2h0PSIxIiB4bWxucz0iaHR0cDovL3d3dy53My5vcmcvMjAwMC9zdmciPjwvc3ZnPg==\" style=\"--smush-placeholder-width: 1920px; --smush-placeholder-aspect-ratio: 1920\/2560;\" \/><\/span><\/div><\/div><\/div><div class=\"fusion-layout-column fusion_builder_column fusion-builder-column-2 fusion_builder_column_1_3 1_3 fusion-flex-column\" style=\"--awb-bg-size:cover;--awb-width-large:33.333333333333%;--awb-margin-top-large:0px;--awb-spacing-right-large:5.76%;--awb-margin-bottom-large:0px;--awb-spacing-left-large:5.76%;--awb-width-medium:100%;--awb-order-medium:0;--awb-spacing-right-medium:1.92%;--awb-spacing-left-medium:1.92%;--awb-width-small:100%;--awb-order-small:0;--awb-spacing-right-small:1.92%;--awb-spacing-left-small:1.92%;\"><div class=\"fusion-column-wrapper fusion-column-has-shadow fusion-flex-justify-content-flex-start fusion-content-layout-column\"><div class=\"fusion-image-element \" style=\"--awb-max-width:500px;--awb-caption-title-font-family:var(--h2_typography-font-family);--awb-caption-title-font-weight:var(--h2_typography-font-weight);--awb-caption-title-font-style:var(--h2_typography-font-style);--awb-caption-title-size:var(--h2_typography-font-size);--awb-caption-title-transform:var(--h2_typography-text-transform);--awb-caption-title-line-height:var(--h2_typography-line-height);--awb-caption-title-letter-spacing:var(--h2_typography-letter-spacing);\"><span class=\" fusion-imageframe imageframe-none imageframe-2 hover-type-none\"><img decoding=\"async\" width=\"1920\" height=\"2560\" alt=\"Coulisse course Barcelone\" title=\"Activa x Luca Bosco\" data-src=\"https:\/\/www.laboratoiresactiva.com\/fr\/wp-content\/uploads\/2021\/10\/IMG_5489-scaled.jpg\" class=\"img-responsive wp-image-4359 lazyload\" data-srcset=\"https:\/\/www.laboratoiresactiva.com\/fr\/wp-content\/uploads\/2021\/10\/IMG_5489-200x267.jpg 200w, https:\/\/www.laboratoiresactiva.com\/fr\/wp-content\/uploads\/2021\/10\/IMG_5489-400x533.jpg 400w, https:\/\/www.laboratoiresactiva.com\/fr\/wp-content\/uploads\/2021\/10\/IMG_5489-600x800.jpg 600w, https:\/\/www.laboratoiresactiva.com\/fr\/wp-content\/uploads\/2021\/10\/IMG_5489-800x1067.jpg 800w, https:\/\/www.laboratoiresactiva.com\/fr\/wp-content\/uploads\/2021\/10\/IMG_5489-1200x1600.jpg 1200w, https:\/\/www.laboratoiresactiva.com\/fr\/wp-content\/uploads\/2021\/10\/IMG_5489-scaled.jpg 1920w\" data-sizes=\"(max-width: 1024px) 100vw, (max-width: 640px) 100vw, 400px\" src=\"data:image\/svg+xml;base64,PHN2ZyB3aWR0aD0iMSIgaGVpZ2h0PSIxIiB4bWxucz0iaHR0cDovL3d3dy53My5vcmcvMjAwMC9zdmciPjwvc3ZnPg==\" style=\"--smush-placeholder-width: 1920px; --smush-placeholder-aspect-ratio: 1920\/2560;\" \/><\/span><\/div><\/div><\/div><div class=\"fusion-layout-column fusion_builder_column fusion-builder-column-3 fusion_builder_column_1_3 1_3 fusion-flex-column\" style=\"--awb-bg-size:cover;--awb-width-large:33.333333333333%;--awb-margin-top-large:0px;--awb-spacing-right-large:5.76%;--awb-margin-bottom-large:0px;--awb-spacing-left-large:5.76%;--awb-width-medium:100%;--awb-order-medium:0;--awb-spacing-right-medium:1.92%;--awb-spacing-left-medium:1.92%;--awb-width-small:100%;--awb-order-small:0;--awb-spacing-right-small:1.92%;--awb-spacing-left-small:1.92%;\"><div class=\"fusion-column-wrapper fusion-column-has-shadow fusion-flex-justify-content-flex-start fusion-content-layout-column\"><div class=\"fusion-image-element \" style=\"--awb-caption-title-font-family:var(--h2_typography-font-family);--awb-caption-title-font-weight:var(--h2_typography-font-weight);--awb-caption-title-font-style:var(--h2_typography-font-style);--awb-caption-title-size:var(--h2_typography-font-size);--awb-caption-title-transform:var(--h2_typography-text-transform);--awb-caption-title-line-height:var(--h2_typography-line-height);--awb-caption-title-letter-spacing:var(--h2_typography-letter-spacing);\"><span class=\" fusion-imageframe imageframe-none imageframe-3 hover-type-none\"><img decoding=\"async\" width=\"1536\" height=\"2048\" alt=\"L&#039;\u00e9quipe espagnole Activa\" title=\"Activa Team Espagne x Luca Bosco\" data-src=\"https:\/\/www.laboratoiresactiva.com\/fr\/wp-content\/uploads\/2021\/10\/UHFX0356.jpg\" class=\"img-responsive wp-image-4360 lazyload\" data-srcset=\"https:\/\/www.laboratoiresactiva.com\/fr\/wp-content\/uploads\/2021\/10\/UHFX0356-200x267.jpg 200w, https:\/\/www.laboratoiresactiva.com\/fr\/wp-content\/uploads\/2021\/10\/UHFX0356-400x533.jpg 400w, https:\/\/www.laboratoiresactiva.com\/fr\/wp-content\/uploads\/2021\/10\/UHFX0356-600x800.jpg 600w, https:\/\/www.laboratoiresactiva.com\/fr\/wp-content\/uploads\/2021\/10\/UHFX0356-800x1067.jpg 800w, https:\/\/www.laboratoiresactiva.com\/fr\/wp-content\/uploads\/2021\/10\/UHFX0356-1200x1600.jpg 1200w, https:\/\/www.laboratoiresactiva.com\/fr\/wp-content\/uploads\/2021\/10\/UHFX0356.jpg 1536w\" data-sizes=\"(max-width: 1024px) 100vw, (max-width: 640px) 100vw, 400px\" src=\"data:image\/svg+xml;base64,PHN2ZyB3aWR0aD0iMSIgaGVpZ2h0PSIxIiB4bWxucz0iaHR0cDovL3d3dy53My5vcmcvMjAwMC9zdmciPjwvc3ZnPg==\" style=\"--smush-placeholder-width: 1536px; --smush-placeholder-aspect-ratio: 1536\/2048;\" \/><\/span><\/div><\/div><\/div><\/div><\/div><div class=\"fusion-fullwidth fullwidth-box fusion-builder-row-3 fusion-flex-container nonhundred-percent-fullwidth non-hundred-percent-height-scrolling\" style=\"--awb-border-radius-top-left:0px;--awb-border-radius-top-right:0px;--awb-border-radius-bottom-right:0px;--awb-border-radius-bottom-left:0px;--awb-flex-wrap:wrap;\" ><div class=\"fusion-builder-row fusion-row fusion-flex-align-items-flex-start fusion-flex-content-wrap\" style=\"max-width:1144px;margin-left: calc(-4% \/ 2 );margin-right: calc(-4% \/ 2 );\"><div class=\"fusion-layout-column fusion_builder_column fusion-builder-column-4 fusion_builder_column_1_1 1_1 fusion-flex-column\" style=\"--awb-bg-size:cover;--awb-width-large:100%;--awb-margin-top-large:0px;--awb-spacing-right-large:1.92%;--awb-margin-bottom-large:0px;--awb-spacing-left-large:1.92%;--awb-width-medium:100%;--awb-order-medium:0;--awb-spacing-right-medium:1.92%;--awb-spacing-left-medium:1.92%;--awb-width-small:100%;--awb-order-small:0;--awb-spacing-right-small:1.92%;--awb-spacing-left-small:1.92%;\"><div class=\"fusion-column-wrapper fusion-column-has-shadow fusion-flex-justify-content-flex-start fusion-content-layout-column\"><\/div><\/div><\/div><\/div>\n","protected":false},"excerpt":{"rendered":"","protected":false},"author":3,"featured_media":4266,"comment_status":"open","ping_status":"open","sticky":false,"template":"","format":"standard","meta":{"_monsterinsights_skip_tracking":false,"_monsterinsights_sitenote_active":false,"_monsterinsights_sitenote_note":"","_monsterinsights_sitenote_category":0,"_jetpack_memberships_contains_paid_content":false,"footnotes":""},"categories":[50],"tags":[],"class_list":["post-4357","post","type-post","status-publish","format-standard","has-post-thumbnail","hentry","category-sport"],"yoast_head":"<!-- This site is optimized with the Yoast SEO plugin v27.5 - https:\/\/yoast.com\/product\/yoast-seo-wordpress\/ -->\n<title>Luca Bosco est 3\u00e8me du podium de la grande finale du Championnat D&#039;Europe Pro-AM GT4<\/title>\n<meta name=\"description\" content=\"Luca Bosco, passionn\u00e9 de sport automobile, se place 3\u00e8me sur le podium de la finale GT4 European Series 2021, \u00e0 seulement 17 ans.\" \/>\n<meta name=\"robots\" content=\"index, follow, max-snippet:-1, max-image-preview:large, max-video-preview:-1\" \/>\n<link rel=\"canonical\" href=\"https:\/\/www.laboratoiresactiva.com\/fr\/luca-bosco-3eme-finale-gt4proam-barcelone\/\" \/>\n<meta property=\"og:locale\" content=\"fr_FR\" \/>\n<meta property=\"og:type\" content=\"article\" \/>\n<meta property=\"og:title\" content=\"Luca Bosco est 3\u00e8me du podium de la grande finale du Championnat D&#039;Europe Pro-AM GT4\" \/>\n<meta property=\"og:description\" content=\"Luca Bosco, passionn\u00e9 de sport automobile, se place 3\u00e8me sur le podium de la finale GT4 European Series 2021, \u00e0 seulement 17 ans.\" \/>\n<meta property=\"og:url\" content=\"https:\/\/www.laboratoiresactiva.com\/fr\/luca-bosco-3eme-finale-gt4proam-barcelone\/\" \/>\n<meta property=\"og:site_name\" content=\"Laboratoires Activa\" \/>\n<meta property=\"article:published_time\" content=\"2021-10-12T09:57:18+00:00\" \/>\n<meta property=\"article:modified_time\" content=\"2021-10-12T10:23:34+00:00\" \/>\n<meta property=\"og:image\" content=\"https:\/\/www.laboratoiresactiva.com\/fr\/wp-content\/uploads\/2021\/09\/luca-1024x576.png\" \/>\n\t<meta property=\"og:image:width\" content=\"1024\" \/>\n\t<meta property=\"og:image:height\" content=\"576\" \/>\n\t<meta property=\"og:image:type\" content=\"image\/png\" \/>\n<meta name=\"author\" content=\"Manon Baudouin\" \/>\n<meta name=\"twitter:card\" content=\"summary_large_image\" \/>\n<meta name=\"twitter:label1\" content=\"\u00c9crit par\" \/>\n\t<meta name=\"twitter:data1\" content=\"Manon Baudouin\" \/>\n\t<meta name=\"twitter:label2\" content=\"Dur\u00e9e de lecture estim\u00e9e\" \/>\n\t<meta name=\"twitter:data2\" content=\"6 minutes\" \/>\n<script type=\"application\/ld+json\" class=\"yoast-schema-graph\">{\"@context\":\"https:\\\/\\\/schema.org\",\"@graph\":[{\"@type\":\"Article\",\"@id\":\"https:\\\/\\\/www.laboratoiresactiva.com\\\/fr\\\/luca-bosco-3eme-finale-gt4proam-barcelone\\\/#article\",\"isPartOf\":{\"@id\":\"https:\\\/\\\/www.laboratoiresactiva.com\\\/fr\\\/luca-bosco-3eme-finale-gt4proam-barcelone\\\/\"},\"author\":{\"name\":\"Manon Baudouin\",\"@id\":\"https:\\\/\\\/www.laboratoiresactiva.com\\\/fr\\\/#\\\/schema\\\/person\\\/38331be92960f1fd8a6093a54f6ca7c7\"},\"headline\":\"Luca Bosco se positionne 3\u00e8me sur le podium de la grande finale du Championnat D&rsquo;Europe Pro-AM, GT4 \u00e0 Barcelone\",\"datePublished\":\"2021-10-12T09:57:18+00:00\",\"dateModified\":\"2021-10-12T10:23:34+00:00\",\"mainEntityOfPage\":{\"@id\":\"https:\\\/\\\/www.laboratoiresactiva.com\\\/fr\\\/luca-bosco-3eme-finale-gt4proam-barcelone\\\/\"},\"wordCount\":2889,\"commentCount\":0,\"image\":{\"@id\":\"https:\\\/\\\/www.laboratoiresactiva.com\\\/fr\\\/luca-bosco-3eme-finale-gt4proam-barcelone\\\/#primaryimage\"},\"thumbnailUrl\":\"https:\\\/\\\/www.laboratoiresactiva.com\\\/fr\\\/wp-content\\\/uploads\\\/2021\\\/09\\\/luca.png\",\"articleSection\":[\"Sport\"],\"inLanguage\":\"fr-FR\",\"potentialAction\":[{\"@type\":\"CommentAction\",\"name\":\"Comment\",\"target\":[\"https:\\\/\\\/www.laboratoiresactiva.com\\\/fr\\\/luca-bosco-3eme-finale-gt4proam-barcelone\\\/#respond\"]}]},{\"@type\":\"WebPage\",\"@id\":\"https:\\\/\\\/www.laboratoiresactiva.com\\\/fr\\\/luca-bosco-3eme-finale-gt4proam-barcelone\\\/\",\"url\":\"https:\\\/\\\/www.laboratoiresactiva.com\\\/fr\\\/luca-bosco-3eme-finale-gt4proam-barcelone\\\/\",\"name\":\"Luca Bosco est 3\u00e8me du podium de la grande finale du Championnat D'Europe Pro-AM GT4\",\"isPartOf\":{\"@id\":\"https:\\\/\\\/www.laboratoiresactiva.com\\\/fr\\\/#website\"},\"primaryImageOfPage\":{\"@id\":\"https:\\\/\\\/www.laboratoiresactiva.com\\\/fr\\\/luca-bosco-3eme-finale-gt4proam-barcelone\\\/#primaryimage\"},\"image\":{\"@id\":\"https:\\\/\\\/www.laboratoiresactiva.com\\\/fr\\\/luca-bosco-3eme-finale-gt4proam-barcelone\\\/#primaryimage\"},\"thumbnailUrl\":\"https:\\\/\\\/www.laboratoiresactiva.com\\\/fr\\\/wp-content\\\/uploads\\\/2021\\\/09\\\/luca.png\",\"datePublished\":\"2021-10-12T09:57:18+00:00\",\"dateModified\":\"2021-10-12T10:23:34+00:00\",\"author\":{\"@id\":\"https:\\\/\\\/www.laboratoiresactiva.com\\\/fr\\\/#\\\/schema\\\/person\\\/38331be92960f1fd8a6093a54f6ca7c7\"},\"description\":\"Luca Bosco, passionn\u00e9 de sport automobile, se place 3\u00e8me sur le podium de la finale GT4 European Series 2021, \u00e0 seulement 17 ans.\",\"breadcrumb\":{\"@id\":\"https:\\\/\\\/www.laboratoiresactiva.com\\\/fr\\\/luca-bosco-3eme-finale-gt4proam-barcelone\\\/#breadcrumb\"},\"inLanguage\":\"fr-FR\",\"potentialAction\":[{\"@type\":\"ReadAction\",\"target\":[\"https:\\\/\\\/www.laboratoiresactiva.com\\\/fr\\\/luca-bosco-3eme-finale-gt4proam-barcelone\\\/\"]}]},{\"@type\":\"ImageObject\",\"inLanguage\":\"fr-FR\",\"@id\":\"https:\\\/\\\/www.laboratoiresactiva.com\\\/fr\\\/luca-bosco-3eme-finale-gt4proam-barcelone\\\/#primaryimage\",\"url\":\"https:\\\/\\\/www.laboratoiresactiva.com\\\/fr\\\/wp-content\\\/uploads\\\/2021\\\/09\\\/luca.png\",\"contentUrl\":\"https:\\\/\\\/www.laboratoiresactiva.com\\\/fr\\\/wp-content\\\/uploads\\\/2021\\\/09\\\/luca.png\",\"width\":1920,\"height\":1080},{\"@type\":\"BreadcrumbList\",\"@id\":\"https:\\\/\\\/www.laboratoiresactiva.com\\\/fr\\\/luca-bosco-3eme-finale-gt4proam-barcelone\\\/#breadcrumb\",\"itemListElement\":[{\"@type\":\"ListItem\",\"position\":1,\"name\":\"Accueil\",\"item\":\"https:\\\/\\\/www.laboratoiresactiva.com\\\/fr\\\/\"},{\"@type\":\"ListItem\",\"position\":2,\"name\":\"Luca Bosco se positionne 3\u00e8me sur le podium de la grande finale du Championnat D&rsquo;Europe Pro-AM, GT4 \u00e0 Barcelone\"}]},{\"@type\":\"WebSite\",\"@id\":\"https:\\\/\\\/www.laboratoiresactiva.com\\\/fr\\\/#website\",\"url\":\"https:\\\/\\\/www.laboratoiresactiva.com\\\/fr\\\/\",\"name\":\"Laboratoires Activa\",\"description\":\"Compl\u00e9ments Alimentaires 100% naturels\",\"potentialAction\":[{\"@type\":\"SearchAction\",\"target\":{\"@type\":\"EntryPoint\",\"urlTemplate\":\"https:\\\/\\\/www.laboratoiresactiva.com\\\/fr\\\/?s={search_term_string}\"},\"query-input\":{\"@type\":\"PropertyValueSpecification\",\"valueRequired\":true,\"valueName\":\"search_term_string\"}}],\"inLanguage\":\"fr-FR\"},{\"@type\":\"Person\",\"@id\":\"https:\\\/\\\/www.laboratoiresactiva.com\\\/fr\\\/#\\\/schema\\\/person\\\/38331be92960f1fd8a6093a54f6ca7c7\",\"name\":\"Manon Baudouin\",\"image\":{\"@type\":\"ImageObject\",\"inLanguage\":\"fr-FR\",\"@id\":\"https:\\\/\\\/secure.gravatar.com\\\/avatar\\\/abde05b7b1c2a9718c9cb2c4c0ad2c71466099d4a22b51d9865e6fdeab10dec4?s=96&d=mm&r=g\",\"url\":\"https:\\\/\\\/secure.gravatar.com\\\/avatar\\\/abde05b7b1c2a9718c9cb2c4c0ad2c71466099d4a22b51d9865e6fdeab10dec4?s=96&d=mm&r=g\",\"contentUrl\":\"https:\\\/\\\/secure.gravatar.com\\\/avatar\\\/abde05b7b1c2a9718c9cb2c4c0ad2c71466099d4a22b51d9865e6fdeab10dec4?s=96&d=mm&r=g\",\"caption\":\"Manon Baudouin\"},\"url\":\"https:\\\/\\\/www.laboratoiresactiva.com\\\/fr\\\/author\\\/manon\\\/\"}]}<\/script>\n<!-- \/ Yoast SEO plugin. -->","yoast_head_json":{"title":"Luca Bosco est 3\u00e8me du podium de la grande finale du Championnat D'Europe Pro-AM GT4","description":"Luca Bosco, passionn\u00e9 de sport automobile, se place 3\u00e8me sur le podium de la finale GT4 European Series 2021, \u00e0 seulement 17 ans.","robots":{"index":"index","follow":"follow","max-snippet":"max-snippet:-1","max-image-preview":"max-image-preview:large","max-video-preview":"max-video-preview:-1"},"canonical":"https:\/\/www.laboratoiresactiva.com\/fr\/luca-bosco-3eme-finale-gt4proam-barcelone\/","og_locale":"fr_FR","og_type":"article","og_title":"Luca Bosco est 3\u00e8me du podium de la grande finale du Championnat D'Europe Pro-AM GT4","og_description":"Luca Bosco, passionn\u00e9 de sport automobile, se place 3\u00e8me sur le podium de la finale GT4 European Series 2021, \u00e0 seulement 17 ans.","og_url":"https:\/\/www.laboratoiresactiva.com\/fr\/luca-bosco-3eme-finale-gt4proam-barcelone\/","og_site_name":"Laboratoires Activa","article_published_time":"2021-10-12T09:57:18+00:00","article_modified_time":"2021-10-12T10:23:34+00:00","og_image":[{"width":1024,"height":576,"url":"https:\/\/www.laboratoiresactiva.com\/fr\/wp-content\/uploads\/2021\/09\/luca-1024x576.png","type":"image\/png"}],"author":"Manon Baudouin","twitter_card":"summary_large_image","twitter_misc":{"\u00c9crit par":"Manon Baudouin","Dur\u00e9e de lecture estim\u00e9e":"6 minutes"},"schema":{"@context":"https:\/\/schema.org","@graph":[{"@type":"Article","@id":"https:\/\/www.laboratoiresactiva.com\/fr\/luca-bosco-3eme-finale-gt4proam-barcelone\/#article","isPartOf":{"@id":"https:\/\/www.laboratoiresactiva.com\/fr\/luca-bosco-3eme-finale-gt4proam-barcelone\/"},"author":{"name":"Manon Baudouin","@id":"https:\/\/www.laboratoiresactiva.com\/fr\/#\/schema\/person\/38331be92960f1fd8a6093a54f6ca7c7"},"headline":"Luca Bosco se positionne 3\u00e8me sur le podium de la grande finale du Championnat D&rsquo;Europe Pro-AM, GT4 \u00e0 Barcelone","datePublished":"2021-10-12T09:57:18+00:00","dateModified":"2021-10-12T10:23:34+00:00","mainEntityOfPage":{"@id":"https:\/\/www.laboratoiresactiva.com\/fr\/luca-bosco-3eme-finale-gt4proam-barcelone\/"},"wordCount":2889,"commentCount":0,"image":{"@id":"https:\/\/www.laboratoiresactiva.com\/fr\/luca-bosco-3eme-finale-gt4proam-barcelone\/#primaryimage"},"thumbnailUrl":"https:\/\/www.laboratoiresactiva.com\/fr\/wp-content\/uploads\/2021\/09\/luca.png","articleSection":["Sport"],"inLanguage":"fr-FR","potentialAction":[{"@type":"CommentAction","name":"Comment","target":["https:\/\/www.laboratoiresactiva.com\/fr\/luca-bosco-3eme-finale-gt4proam-barcelone\/#respond"]}]},{"@type":"WebPage","@id":"https:\/\/www.laboratoiresactiva.com\/fr\/luca-bosco-3eme-finale-gt4proam-barcelone\/","url":"https:\/\/www.laboratoiresactiva.com\/fr\/luca-bosco-3eme-finale-gt4proam-barcelone\/","name":"Luca Bosco est 3\u00e8me du podium de la grande finale du Championnat D'Europe Pro-AM GT4","isPartOf":{"@id":"https:\/\/www.laboratoiresactiva.com\/fr\/#website"},"primaryImageOfPage":{"@id":"https:\/\/www.laboratoiresactiva.com\/fr\/luca-bosco-3eme-finale-gt4proam-barcelone\/#primaryimage"},"image":{"@id":"https:\/\/www.laboratoiresactiva.com\/fr\/luca-bosco-3eme-finale-gt4proam-barcelone\/#primaryimage"},"thumbnailUrl":"https:\/\/www.laboratoiresactiva.com\/fr\/wp-content\/uploads\/2021\/09\/luca.png","datePublished":"2021-10-12T09:57:18+00:00","dateModified":"2021-10-12T10:23:34+00:00","author":{"@id":"https:\/\/www.laboratoiresactiva.com\/fr\/#\/schema\/person\/38331be92960f1fd8a6093a54f6ca7c7"},"description":"Luca Bosco, passionn\u00e9 de sport automobile, se place 3\u00e8me sur le podium de la finale GT4 European Series 2021, \u00e0 seulement 17 ans.","breadcrumb":{"@id":"https:\/\/www.laboratoiresactiva.com\/fr\/luca-bosco-3eme-finale-gt4proam-barcelone\/#breadcrumb"},"inLanguage":"fr-FR","potentialAction":[{"@type":"ReadAction","target":["https:\/\/www.laboratoiresactiva.com\/fr\/luca-bosco-3eme-finale-gt4proam-barcelone\/"]}]},{"@type":"ImageObject","inLanguage":"fr-FR","@id":"https:\/\/www.laboratoiresactiva.com\/fr\/luca-bosco-3eme-finale-gt4proam-barcelone\/#primaryimage","url":"https:\/\/www.laboratoiresactiva.com\/fr\/wp-content\/uploads\/2021\/09\/luca.png","contentUrl":"https:\/\/www.laboratoiresactiva.com\/fr\/wp-content\/uploads\/2021\/09\/luca.png","width":1920,"height":1080},{"@type":"BreadcrumbList","@id":"https:\/\/www.laboratoiresactiva.com\/fr\/luca-bosco-3eme-finale-gt4proam-barcelone\/#breadcrumb","itemListElement":[{"@type":"ListItem","position":1,"name":"Accueil","item":"https:\/\/www.laboratoiresactiva.com\/fr\/"},{"@type":"ListItem","position":2,"name":"Luca Bosco se positionne 3\u00e8me sur le podium de la grande finale du Championnat D&rsquo;Europe Pro-AM, GT4 \u00e0 Barcelone"}]},{"@type":"WebSite","@id":"https:\/\/www.laboratoiresactiva.com\/fr\/#website","url":"https:\/\/www.laboratoiresactiva.com\/fr\/","name":"Laboratoires Activa","description":"Compl\u00e9ments Alimentaires 100% naturels","potentialAction":[{"@type":"SearchAction","target":{"@type":"EntryPoint","urlTemplate":"https:\/\/www.laboratoiresactiva.com\/fr\/?s={search_term_string}"},"query-input":{"@type":"PropertyValueSpecification","valueRequired":true,"valueName":"search_term_string"}}],"inLanguage":"fr-FR"},{"@type":"Person","@id":"https:\/\/www.laboratoiresactiva.com\/fr\/#\/schema\/person\/38331be92960f1fd8a6093a54f6ca7c7","name":"Manon Baudouin","image":{"@type":"ImageObject","inLanguage":"fr-FR","@id":"https:\/\/secure.gravatar.com\/avatar\/abde05b7b1c2a9718c9cb2c4c0ad2c71466099d4a22b51d9865e6fdeab10dec4?s=96&d=mm&r=g","url":"https:\/\/secure.gravatar.com\/avatar\/abde05b7b1c2a9718c9cb2c4c0ad2c71466099d4a22b51d9865e6fdeab10dec4?s=96&d=mm&r=g","contentUrl":"https:\/\/secure.gravatar.com\/avatar\/abde05b7b1c2a9718c9cb2c4c0ad2c71466099d4a22b51d9865e6fdeab10dec4?s=96&d=mm&r=g","caption":"Manon Baudouin"},"url":"https:\/\/www.laboratoiresactiva.com\/fr\/author\/manon\/"}]}},"jetpack_featured_media_url":"https:\/\/www.laboratoiresactiva.com\/fr\/wp-content\/uploads\/2021\/09\/luca.png","jetpack_sharing_enabled":true,"_links":{"self":[{"href":"https:\/\/www.laboratoiresactiva.com\/fr\/wp-json\/wp\/v2\/posts\/4357","targetHints":{"allow":["GET"]}}],"collection":[{"href":"https:\/\/www.laboratoiresactiva.com\/fr\/wp-json\/wp\/v2\/posts"}],"about":[{"href":"https:\/\/www.laboratoiresactiva.com\/fr\/wp-json\/wp\/v2\/types\/post"}],"author":[{"embeddable":true,"href":"https:\/\/www.laboratoiresactiva.com\/fr\/wp-json\/wp\/v2\/users\/3"}],"replies":[{"embeddable":true,"href":"https:\/\/www.laboratoiresactiva.com\/fr\/wp-json\/wp\/v2\/comments?post=4357"}],"version-history":[{"count":8,"href":"https:\/\/www.laboratoiresactiva.com\/fr\/wp-json\/wp\/v2\/posts\/4357\/revisions"}],"predecessor-version":[{"id":4380,"href":"https:\/\/www.laboratoiresactiva.com\/fr\/wp-json\/wp\/v2\/posts\/4357\/revisions\/4380"}],"wp:featuredmedia":[{"embeddable":true,"href":"https:\/\/www.laboratoiresactiva.com\/fr\/wp-json\/wp\/v2\/media\/4266"}],"wp:attachment":[{"href":"https:\/\/www.laboratoiresactiva.com\/fr\/wp-json\/wp\/v2\/media?parent=4357"}],"wp:term":[{"taxonomy":"category","embeddable":true,"href":"https:\/\/www.laboratoiresactiva.com\/fr\/wp-json\/wp\/v2\/categories?post=4357"},{"taxonomy":"post_tag","embeddable":true,"href":"https:\/\/www.laboratoiresactiva.com\/fr\/wp-json\/wp\/v2\/tags?post=4357"}],"curies":[{"name":"wp","href":"https:\/\/api.w.org\/{rel}","templated":true}]}}