{"id":3394,"date":"2019-10-08T16:21:12","date_gmt":"2019-10-08T14:21:12","guid":{"rendered":"https:\/\/www.laboratoiresactiva.com\/it\/?p=3394"},"modified":"2022-08-19T14:40:40","modified_gmt":"2022-08-19T12:40:40","slug":"intervista-amalric-veret-siamo-gli-integratori-alimentari-piu-scientifici-sul-mercato","status":"publish","type":"post","link":"https:\/\/www.laboratoiresactiva.com\/it\/intervista-amalric-veret-siamo-gli-integratori-alimentari-piu-scientifici-sul-mercato\/","title":{"rendered":"Intervista Amalric V\u00e9ret (1\/2) : \u00ab\u00a0Siamo gli integratori alimentari pi\u00f9 scientifici sul mercato.\u00a0\u00bb"},"content":{"rendered":"<div class=\"fusion-fullwidth fullwidth-box fusion-builder-row-1 nonhundred-percent-fullwidth non-hundred-percent-height-scrolling\" style=\"background-color: rgba(255,255,255,0);background-position: center center;background-repeat: no-repeat;padding-top:0px;padding-right:30px;padding-bottom:0px;padding-left:30px;margin-bottom: 0px;margin-top: 0px;border-width: 0px 0px 0px 0px;border-color:#eae9e9;border-style:solid;\" ><div class=\"fusion-builder-row fusion-row\"><div class=\"fusion-layout-column fusion_builder_column fusion-builder-column-0 fusion_builder_column_1_1 1_1 fusion-one-full fusion-column-first fusion-column-last\" style=\"margin-top:0px;margin-bottom:0px;\"><div class=\"fusion-column-wrapper fusion-flex-column-wrapper-legacy\" style=\"background-position:left top;background-repeat:no-repeat;-webkit-background-size:cover;-moz-background-size:cover;-o-background-size:cover;background-size:cover;padding: 0px 0px 0px 0px;\"><div class=\"fusion-sep-clear\"><\/div><div class=\"fusion-separator fusion-full-width-sep\" style=\"margin-left: auto;margin-right: auto;width:100%;\"><div class=\"fusion-separator-border sep-double\" style=\"border-color:#e0dede;border-top-width:0px;border-bottom-width:0px;\"><\/div><\/div><div class=\"fusion-sep-clear\"><\/div><div class=\"fusion-text fusion-text-1\"><h1 style=\"text-align: left;\">Intervista Amalric V\u00e9ret (1\/2) : \u00ab\u00a0Siamo gli integratori alimentari pi\u00f9 scientifici sul mercato.\u00a0\u00bb<\/h1>\n<\/div><div class=\"fusion-text fusion-text-2\"><p><img decoding=\"async\" class=\"size-full wp-image-3415 alignleft lazyload\" data-src=\"https:\/\/www.laboratoiresactiva.com\/it\/wp-content\/uploads\/2019\/10\/1.png\" alt=\"\" width=\"1000\" height=\"563\" data-srcset=\"https:\/\/www.laboratoiresactiva.com\/it\/wp-content\/uploads\/2019\/10\/1-200x113.png 200w, https:\/\/www.laboratoiresactiva.com\/it\/wp-content\/uploads\/2019\/10\/1-300x169.png 300w, https:\/\/www.laboratoiresactiva.com\/it\/wp-content\/uploads\/2019\/10\/1-400x225.png 400w, https:\/\/www.laboratoiresactiva.com\/it\/wp-content\/uploads\/2019\/10\/1-600x338.png 600w, https:\/\/www.laboratoiresactiva.com\/it\/wp-content\/uploads\/2019\/10\/1-768x432.png 768w, https:\/\/www.laboratoiresactiva.com\/it\/wp-content\/uploads\/2019\/10\/1-800x450.png 800w, https:\/\/www.laboratoiresactiva.com\/it\/wp-content\/uploads\/2019\/10\/1.png 1000w\" data-sizes=\"(max-width: 1000px) 100vw, 1000px\" src=\"data:image\/svg+xml;base64,PHN2ZyB3aWR0aD0iMSIgaGVpZ2h0PSIxIiB4bWxucz0iaHR0cDovL3d3dy53My5vcmcvMjAwMC9zdmciPjwvc3ZnPg==\" style=\"--smush-placeholder-width: 1000px; --smush-placeholder-aspect-ratio: 1000\/563;\" \/><\/p>\n<\/div><div class=\"fusion-sep-clear\"><\/div><div class=\"fusion-separator fusion-full-width-sep\" style=\"margin-left: auto;margin-right: auto;margin-top:3%;width:100%;\"><\/div><div class=\"fusion-sep-clear\"><\/div><div class=\"fusion-text fusion-text-3\"><p><strong>Ascoltare l&rsquo;intervista :<\/strong><\/p>\n<!--[if lt IE 9]><script>document.createElement('audio');<\/script><![endif]-->\n<audio class=\"wp-audio-shortcode\" id=\"audio-3394-1\" preload=\"none\" style=\"width: 100%;\" controls=\"controls\"><source type=\"audio\/mpeg\" src=\"https:\/\/www.laboratoiresactiva.com\/it\/wp-content\/uploads\/2019\/10\/PRONUTRI-ACTIVA-C1-CA.mp3?_=1\" \/><a href=\"https:\/\/www.laboratoiresactiva.com\/it\/wp-content\/uploads\/2019\/10\/PRONUTRI-ACTIVA-C1-CA.mp3\">https:\/\/www.laboratoiresactiva.com\/it\/wp-content\/uploads\/2019\/10\/PRONUTRI-ACTIVA-C1-CA.mp3<\/a><\/audio>\n<\/div><div class=\"fusion-sep-clear\"><\/div><div class=\"fusion-separator fusion-full-width-sep\" style=\"margin-left: auto;margin-right: auto;margin-top:3%;width:100%;\"><\/div><div class=\"fusion-sep-clear\"><\/div><div class=\"fusion-text fusion-text-4\"><p>Amalric Veret, g\u00e9rant des Laboratoires Activa et Pronutri a \u00e9t\u00e9 re\u00e7u dans l&rsquo;\u00e9mission \u00ab\u00a0un homme une entreprise\u00a0\u00bb pour d\u00e9crire l&rsquo;histoire des laboratoires et leur positionnement pour se diff\u00e9rencier des concurrents. La premi\u00e8re partie de l&rsquo;interview est disponible ci-dessous.<\/p>\n<h3><em>Presenti in poche parole il vostro percorso :<\/em><\/h3>\n<p><span id=\"s2_1\">\u00ab\u00a0\u00c8 innanzitutto una storia di scoperta e di vocazione familiare.<\/span>\u00a0<span id=\"s2_2\">Pronutri \u00e8 esperto nell&rsquo;informazione molecolare.<\/span>\u00a0<span id=\"s2_3\">Si progettano, si sviluppano, si producono e commercializzano gamme di integratori alimentari, ottimizzate nella loro efficacia molto differenziata.<\/span><\/p>\n<p><span id=\"s2_4\">Abbiamo iniziato a commercializzare Pronutri tra i medici nel 1995. Poi, forte del nostro know-how e dell&rsquo;efficacia dei prodotti, abbiamo deciso di rendere questa tecnologia pi\u00f9 accessibile attraverso le farmacie con il marchio Activa.<\/span><\/p>\n<p><span id=\"s2_5\">Disponiamo quindi di una gamma <strong>Benessere<\/strong> per cure di 1 mese ad esempio per facilitare il sonno o lo stress, i problemi respiratori&#8230;e la gamma Chrono, con un&rsquo;efficacia entro 30 minuti.<\/span><\/p>\n<p><span id=\"s2_5\">Oggi siamo gli unici laboratori ad offrire un integratore alimentare per 1 settimana con efficacia in 30 minuti.\u00a0\u00bb<\/span><\/p>\n<h3><em><span id=\"s2_1\">Come vi posizionate di fronte agli altri laboratori?<\/span> <span id=\"s2_2\">Cosa vi differenzia?<\/span> <span id=\"s2_3\">Chi sono i vostri clienti?<\/span><\/em><\/h3>\n<p><span id=\"s2_1\">\u00ab\u00a0Oggi siamo progettisti che producono francese e in Francia. Abbiamo padronanza di tutta la filiera. Siamo un&rsquo;impresa integrata. Facciamo un sacco di ricerca e sviluppo. Collaboriamo con il CNRS. Siamo l&rsquo;integratore alimentare pi\u00f9 scientifico sul mercato. Complessi di oligometalli in compresse, microgranuli, rilascio programmato, ritardato e accelerato.<\/span><\/p>\n<p><span id=\"s2_2\">Vengono proposti programmi di formazione per medici e operatori sanitari con <strong>nutripucture<\/strong>. \u00c8 un approccio che si interessa alla causa di un disturbo nella singolarit\u00e0 del paziente. E formazione con i nostri partner farmacisti con i nostri team direttamente in farmacia.\u00a0\u00bb<\/span><\/p>\n<p>Siete interessati dalle nostre gamme ? <a href=\"https:\/\/www.laboratoiresactiva.com\/it\/i-vostri-bisogni\/\">Scoprite i nostri prodotti<\/a><\/p>\n<p>Visitate la nostra boutique <a href=\"https:\/\/www.activastore.com\/it\/\">Activa Store<\/a><\/p>\n<p>Formazione : <a href=\"https:\/\/nutripuncture.com\">iscrivetevi<\/a><\/p>\n<p>Scoprite i <a href=\"https:\/\/www.pronutri.com\/les-laboratoires\/\" target=\"_blank\" rel=\"noopener noreferrer\">Laboratori Pronutri<\/a><\/p>\n<\/div><div class=\"fusion-sep-clear\"><\/div><div class=\"fusion-separator fusion-full-width-sep\" style=\"margin-left: auto;margin-right: auto;margin-top:3%;width:100%;\"><\/div><div class=\"fusion-sep-clear\"><\/div><div class=\"fusion-text fusion-text-5\"><p><strong>Seguiteci anche sui social network<\/strong><\/p>\n<\/div><div class=\"fusion-social-links\"><div class=\"fusion-social-networks boxed-icons\"><div class=\"fusion-social-networks-wrapper\"><a class=\"fusion-social-network-icon fusion-tooltip fusion-facebook fusion-icon-facebook\" style=\"color:#ffffff;font-size:14px;width: calc(14px + (2 * (8px)) + 2px);background-color:#3b5998;border-color:#3b5998;border-radius:0px;\" data-placement=\"top\" data-title=\"Facebook\" data-toggle=\"tooltip\" title=\"Facebook\" aria-label=\"facebook\" target=\"_blank\" rel=\"noopener noreferrer\" href=\"https:\/\/www.facebook.com\/LaboratoiresActiva\/\"><\/a><a class=\"fusion-social-network-icon fusion-tooltip fusion-instagram fusion-icon-instagram\" style=\"color:#ffffff;font-size:14px;width: calc(14px + (2 * (8px)) + 2px);background-color:#3f729b;border-color:#3f729b;border-radius:0px;\" data-placement=\"top\" data-title=\"Instagram\" data-toggle=\"tooltip\" title=\"Instagram\" aria-label=\"instagram\" target=\"_blank\" rel=\"noopener noreferrer\" href=\"https:\/\/instagram.com\/activa.store\"><\/a><a class=\"fusion-social-network-icon fusion-tooltip fusion-linkedin fusion-icon-linkedin\" style=\"color:#ffffff;font-size:14px;width: calc(14px + (2 * (8px)) + 2px);background-color:#0077b5;border-color:#0077b5;border-radius:0px;\" data-placement=\"top\" data-title=\"LinkedIn\" data-toggle=\"tooltip\" title=\"LinkedIn\" aria-label=\"linkedin\" target=\"_blank\" rel=\"noopener noreferrer\" href=\"https:\/\/www.linkedin.com\/company\/laboratoires-activa\/\"><\/a><\/div><\/div><\/div><div class=\"fusion-sep-clear\"><\/div><div class=\"fusion-separator fusion-full-width-sep\" style=\"margin-left: auto;margin-right: auto;margin-top:3%;width:100%;\"><\/div><div class=\"fusion-sep-clear\"><\/div><div class=\"fusion-clearfix\"><\/div><\/div><\/div><\/div><\/div>\n","protected":false},"excerpt":{"rendered":"","protected":false},"author":4,"featured_media":3681,"comment_status":"open","ping_status":"open","sticky":false,"template":"","format":"standard","meta":{"_monsterinsights_skip_tracking":false,"_monsterinsights_sitenote_active":false,"_monsterinsights_sitenote_note":"","_monsterinsights_sitenote_category":0,"footnotes":""},"categories":[52],"tags":[],"class_list":["post-3394","post","type-post","status-publish","format-standard","has-post-thumbnail","hentry","category-medias"],"aioseo_notices":[],"jetpack_featured_media_url":"https:\/\/www.laboratoiresactiva.com\/it\/wp-content\/uploads\/2019\/10\/amalric-interview-1.png","_links":{"self":[{"href":"https:\/\/www.laboratoiresactiva.com\/it\/wp-json\/wp\/v2\/posts\/3394","targetHints":{"allow":["GET"]}}],"collection":[{"href":"https:\/\/www.laboratoiresactiva.com\/it\/wp-json\/wp\/v2\/posts"}],"about":[{"href":"https:\/\/www.laboratoiresactiva.com\/it\/wp-json\/wp\/v2\/types\/post"}],"author":[{"embeddable":true,"href":"https:\/\/www.laboratoiresactiva.com\/it\/wp-json\/wp\/v2\/users\/4"}],"replies":[{"embeddable":true,"href":"https:\/\/www.laboratoiresactiva.com\/it\/wp-json\/wp\/v2\/comments?post=3394"}],"version-history":[{"count":19,"href":"https:\/\/www.laboratoiresactiva.com\/it\/wp-json\/wp\/v2\/posts\/3394\/revisions"}],"predecessor-version":[{"id":4322,"href":"https:\/\/www.laboratoiresactiva.com\/it\/wp-json\/wp\/v2\/posts\/3394\/revisions\/4322"}],"wp:featuredmedia":[{"embeddable":true,"href":"https:\/\/www.laboratoiresactiva.com\/it\/wp-json\/wp\/v2\/media\/3681"}],"wp:attachment":[{"href":"https:\/\/www.laboratoiresactiva.com\/it\/wp-json\/wp\/v2\/media?parent=3394"}],"wp:term":[{"taxonomy":"category","embeddable":true,"href":"https:\/\/www.laboratoiresactiva.com\/it\/wp-json\/wp\/v2\/categories?post=3394"},{"taxonomy":"post_tag","embeddable":true,"href":"https:\/\/www.laboratoiresactiva.com\/it\/wp-json\/wp\/v2\/tags?post=3394"}],"curies":[{"name":"wp","href":"https:\/\/api.w.org\/{rel}","templated":true}]}}