{"id":3426,"date":"2018-10-21T11:07:04","date_gmt":"2018-10-21T09:07:04","guid":{"rendered":"https:\/\/www.laboratoiresactiva.com\/it\/?p=3426"},"modified":"2020-11-11T09:51:21","modified_gmt":"2020-11-11T08:51:21","slug":"i-laboratori-activa-in-onore-su-bfm-tv","status":"publish","type":"post","link":"https:\/\/www.laboratoiresactiva.com\/it\/i-laboratori-activa-in-onore-su-bfm-tv\/","title":{"rendered":"I Laboratori Activa in onore su BFM TV"},"content":{"rendered":"<div class=\"fusion-fullwidth fullwidth-box fusion-builder-row-1 nonhundred-percent-fullwidth non-hundred-percent-height-scrolling\" style=\"background-color: rgba(255,255,255,0);background-position: center center;background-repeat: no-repeat;padding-top:0px;padding-right:30px;padding-bottom:0px;padding-left:30px;margin-bottom: 0px;margin-top: 0px;border-width: 0px 0px 0px 0px;border-color:#eae9e9;border-style:solid;\" ><div class=\"fusion-builder-row fusion-row\"><div class=\"fusion-layout-column fusion_builder_column fusion-builder-column-0 fusion_builder_column_1_1 1_1 fusion-one-full fusion-column-first fusion-column-last\" style=\"margin-top:0px;margin-bottom:0px;\"><div class=\"fusion-column-wrapper fusion-flex-column-wrapper-legacy\" style=\"background-position:left top;background-repeat:no-repeat;-webkit-background-size:cover;-moz-background-size:cover;-o-background-size:cover;background-size:cover;padding: 0px 0px 0px 0px;\"><div class=\"fusion-sep-clear\"><\/div><div class=\"fusion-separator fusion-full-width-sep\" style=\"margin-left: auto;margin-right: auto;width:100%;\"><div class=\"fusion-separator-border sep-double\" style=\"border-color:#e0dede;border-top-width:0px;border-bottom-width:0px;\"><\/div><\/div><div class=\"fusion-sep-clear\"><\/div><div class=\"fusion-text fusion-text-1\"><h1 style=\"text-align: left;\">I Laboratori Activa in onore su BFM TV<\/h1>\n<\/div><div class=\"fusion-text fusion-text-2\"><p style=\"text-align: left;\"><img decoding=\"async\" class=\"size-full wp-image-3040 aligncenter lazyload\" data-src=\"https:\/\/www.laboratoiresactiva.com\/it\/wp-content\/uploads\/2019\/05\/bfm-tv-laboratoires-activa-1.png\" alt=\"bfm-tv-laboratoires-activa\" width=\"600\" height=\"400\" data-srcset=\"https:\/\/www.laboratoiresactiva.com\/it\/wp-content\/uploads\/2019\/05\/bfm-tv-laboratoires-activa-1-200x133.png 200w, https:\/\/www.laboratoiresactiva.com\/it\/wp-content\/uploads\/2019\/05\/bfm-tv-laboratoires-activa-1-300x200.png 300w, https:\/\/www.laboratoiresactiva.com\/it\/wp-content\/uploads\/2019\/05\/bfm-tv-laboratoires-activa-1-400x267.png 400w, https:\/\/www.laboratoiresactiva.com\/it\/wp-content\/uploads\/2019\/05\/bfm-tv-laboratoires-activa-1.png 600w\" data-sizes=\"(max-width: 600px) 100vw, 600px\" src=\"data:image\/svg+xml;base64,PHN2ZyB3aWR0aD0iMSIgaGVpZ2h0PSIxIiB4bWxucz0iaHR0cDovL3d3dy53My5vcmcvMjAwMC9zdmciPjwvc3ZnPg==\" style=\"--smush-placeholder-width: 600px; --smush-placeholder-aspect-ratio: 600\/400;\" \/><\/p>\n<\/div><div class=\"fusion-sep-clear\"><\/div><div class=\"fusion-separator fusion-full-width-sep\" style=\"margin-left: auto;margin-right: auto;margin-top:3%;width:100%;\"><\/div><div class=\"fusion-sep-clear\"><\/div><div class=\"fusion-text fusion-text-3\"><p>Des compl\u00e9ments alimentaires comme vitamines, pour mieux dormir, r\u00e9duire l&rsquo;anxi\u00e9t\u00e9 ou m\u00eame calmer des douleurs. Les <strong><a href=\"https:\/\/www.activastore.com\/it\/\" target=\"_blank\" rel=\"noopener noreferrer\">compl\u00e9ments alimentaires<\/a><\/strong> sont de plus en plus pl\u00e9biscites par les Fran\u00e7ais. Dans quel cadre en consommer et sont-ils tous efficaces ?<\/p>\n<p>D\u00e9couvrez le reportage de BFM TV \u00ab La mode des compl\u00e9ments alimentaires \u00bb o\u00f9 les produits Activa mis \u00e0 l\u2019honneur.<\/p>\n<div class=\"video-shortcode\"><iframe title=\"La mode des comple\u0301ments alimentaires BFM TV\" width=\"1100\" height=\"619\" data-src=\"https:\/\/www.youtube.com\/embed\/FvKuMrT0Aq4?feature=oembed\" frameborder=\"0\" allow=\"accelerometer; autoplay; encrypted-media; gyroscope; picture-in-picture\" allowfullscreen src=\"data:image\/svg+xml;base64,PHN2ZyB3aWR0aD0iMSIgaGVpZ2h0PSIxIiB4bWxucz0iaHR0cDovL3d3dy53My5vcmcvMjAwMC9zdmciPjwvc3ZnPg==\" class=\"lazyload\" data-load-mode=\"1\"><\/iframe><\/div>\n<\/div><div class=\"fusion-sep-clear\"><\/div><div class=\"fusion-separator fusion-full-width-sep\" style=\"margin-left: auto;margin-right: auto;margin-top:3%;width:100%;\"><\/div><div class=\"fusion-sep-clear\"><\/div><div class=\"fusion-text fusion-text-4\"><p><strong>Seguiteci sui social network<\/strong><\/p>\n<\/div><div class=\"fusion-social-links\"><div class=\"fusion-social-networks boxed-icons\"><div class=\"fusion-social-networks-wrapper\"><a class=\"fusion-social-network-icon fusion-tooltip fusion-facebook fusion-icon-facebook\" style=\"color:#ffffff;font-size:14px;width: calc(14px + (2 * (8px)) + 2px);background-color:#3b5998;border-color:#3b5998;border-radius:0px;\" data-placement=\"top\" data-title=\"Facebook\" data-toggle=\"tooltip\" title=\"Facebook\" aria-label=\"facebook\" target=\"_blank\" rel=\"noopener noreferrer\" href=\"https:\/\/www.facebook.com\/LaboratoiresActiva\/\"><\/a><a class=\"fusion-social-network-icon fusion-tooltip fusion-instagram fusion-icon-instagram\" style=\"color:#ffffff;font-size:14px;width: calc(14px + (2 * (8px)) + 2px);background-color:#3f729b;border-color:#3f729b;border-radius:0px;\" data-placement=\"top\" data-title=\"Instagram\" data-toggle=\"tooltip\" title=\"Instagram\" aria-label=\"instagram\" target=\"_blank\" rel=\"noopener noreferrer\" href=\"https:\/\/instagram.com\/activa.store\"><\/a><a class=\"fusion-social-network-icon fusion-tooltip fusion-linkedin fusion-icon-linkedin\" style=\"color:#ffffff;font-size:14px;width: calc(14px + (2 * (8px)) + 2px);background-color:#0077b5;border-color:#0077b5;border-radius:0px;\" data-placement=\"top\" data-title=\"LinkedIn\" data-toggle=\"tooltip\" title=\"LinkedIn\" aria-label=\"linkedin\" target=\"_blank\" rel=\"noopener noreferrer\" href=\"https:\/\/www.linkedin.com\/company\/laboratoires-activa\/\"><\/a><\/div><\/div><\/div><div class=\"fusion-sep-clear\"><\/div><div class=\"fusion-separator fusion-full-width-sep\" style=\"margin-left: auto;margin-right: auto;margin-top:3%;width:100%;\"><\/div><div class=\"fusion-sep-clear\"><\/div><div class=\"fusion-clearfix\"><\/div><\/div><\/div><\/div><\/div>\n","protected":false},"excerpt":{"rendered":"","protected":false},"author":4,"featured_media":3040,"comment_status":"open","ping_status":"open","sticky":false,"template":"","format":"standard","meta":{"_monsterinsights_skip_tracking":false,"_monsterinsights_sitenote_active":false,"_monsterinsights_sitenote_note":"","_monsterinsights_sitenote_category":0,"footnotes":""},"categories":[37,52],"tags":[],"class_list":["post-3426","post","type-post","status-publish","format-standard","has-post-thumbnail","hentry","category-in-the-press","category-medias"],"aioseo_notices":[],"jetpack_featured_media_url":"https:\/\/www.laboratoiresactiva.com\/it\/wp-content\/uploads\/2019\/05\/bfm-tv-laboratoires-activa-1.png","_links":{"self":[{"href":"https:\/\/www.laboratoiresactiva.com\/it\/wp-json\/wp\/v2\/posts\/3426","targetHints":{"allow":["GET"]}}],"collection":[{"href":"https:\/\/www.laboratoiresactiva.com\/it\/wp-json\/wp\/v2\/posts"}],"about":[{"href":"https:\/\/www.laboratoiresactiva.com\/it\/wp-json\/wp\/v2\/types\/post"}],"author":[{"embeddable":true,"href":"https:\/\/www.laboratoiresactiva.com\/it\/wp-json\/wp\/v2\/users\/4"}],"replies":[{"embeddable":true,"href":"https:\/\/www.laboratoiresactiva.com\/it\/wp-json\/wp\/v2\/comments?post=3426"}],"version-history":[{"count":3,"href":"https:\/\/www.laboratoiresactiva.com\/it\/wp-json\/wp\/v2\/posts\/3426\/revisions"}],"predecessor-version":[{"id":4213,"href":"https:\/\/www.laboratoiresactiva.com\/it\/wp-json\/wp\/v2\/posts\/3426\/revisions\/4213"}],"wp:featuredmedia":[{"embeddable":true,"href":"https:\/\/www.laboratoiresactiva.com\/it\/wp-json\/wp\/v2\/media\/3040"}],"wp:attachment":[{"href":"https:\/\/www.laboratoiresactiva.com\/it\/wp-json\/wp\/v2\/media?parent=3426"}],"wp:term":[{"taxonomy":"category","embeddable":true,"href":"https:\/\/www.laboratoiresactiva.com\/it\/wp-json\/wp\/v2\/categories?post=3426"},{"taxonomy":"post_tag","embeddable":true,"href":"https:\/\/www.laboratoiresactiva.com\/it\/wp-json\/wp\/v2\/tags?post=3426"}],"curies":[{"name":"wp","href":"https:\/\/api.w.org\/{rel}","templated":true}]}}